{"id":10416,"date":"2024-11-22T09:14:34","date_gmt":"2024-11-22T08:14:34","guid":{"rendered":"https:\/\/entretormentas.com\/?p=10416"},"modified":"2024-11-22T09:14:35","modified_gmt":"2024-11-22T08:14:35","slug":"oficial-primera-ministra-de-italia-reconoce-a-edmundo-gonzalez-urrutia-como-presidente-electo","status":"publish","type":"post","link":"https:\/\/entretormentas.com\/oficial-primera-ministra-de-italia-reconoce-a-edmundo-gonzalez-urrutia-como-presidente-electo\/","title":{"rendered":"\u00a1OFICIAL! Primera ministra de Italia reconoce a Edmundo Gonz\u00e1lez Urrutia como presidente electo"},"content":{"rendered":"\n<p><strong>ENTRE TORMENTAS. <\/strong>La primera ministra de Italia, Giorgia Meloni, reconoci\u00f3 a Edmundo Gonz\u00e1lez Urrutia como \u00abpresidente electo\u00bb de Venezuela durante un encuentro en Buenos Aires con el presidente argentino, Javier Milei.<\/p>\n\n\n\n<p>\u201cJunto con la Uni\u00f3n Europea trabajamos por una transici\u00f3n democr\u00e1tica y en paz de Venezuela para que finalmente se hagan realidad la preferencia expresada por el pueblo venezolano por el presidente electo Gonz\u00e1lez Urrutia y las leg\u00edtimas aspiraciones de libertad y democracia\u201d, expres\u00f3 Meloni.<\/p>\n\n\n\n<p>La jefa de Gobierno de Italia tambi\u00e9n afirm\u00f3 que no reconoce la \u201cvictoria proclamada\u201d por el presidente venezolano, Nicol\u00e1s Maduro, tras las elecciones del 28 de julio pasado, que la oposici\u00f3n calific\u00f3 de \u201cfraude\u201d al considerar que el vencedor fue Gonz\u00e1lez Urrutia.<\/p>\n\n\n\n<p>Meloni pronunci\u00f3 estas palabras tras un encuentro con Milei en la Casa Rosada (sede del Ejecutivo argentino) con motivo de su primera visita oficial a este pa\u00eds.<\/p>\n\n\n\n<p>\u201cSeguimos condenando la brutal represi\u00f3n del r\u00e9gimen que provoc\u00f3 la muerte de decenas de manifestantes, la detenci\u00f3n arbitraria de miles de opositores pol\u00edticos y al exilio del candidato presidencial de la oposici\u00f3n democr\u00e1tica\u201d, prosigui\u00f3 Meloni.<\/p>\n\n\n\n<p>Italia fue el \u00fanico pa\u00eds integrante del Grupo de los 7, que agrupa a las mayores econom\u00edas de occidente, que no reconoci\u00f3 el interinato de Juan Guaid\u00f3.<\/p>\n\n\n\n<p>\u201cLa crisis que est\u00e1 atravesando Venezuela es una cuesti\u00f3n que, tanto para Italia como para Argentina, es particularmente importante\u201d, indic\u00f3.<\/p>\n\n\n\n<p>La primera ministra italiana se une as\u00ed a EEUU, que en la v\u00edspera reconoci\u00f3 por primera vez en p\u00fablico al abanderado de la oposici\u00f3n mayoritaria como \u00abpresidente electo\u00bb.<br><strong><em>ET \/ EFE<\/em><\/strong><\/p>\n","protected":false},"excerpt":{"rendered":"<p>ENTRE TORMENTAS. La primera ministra de Italia, Giorgia Meloni, reconoci\u00f3 a Edmundo Gonz\u00e1lez Urrutia como&#8230;<\/p>\n","protected":false},"author":2,"featured_media":10417,"comment_status":"closed","ping_status":"open","sticky":false,"template":"","format":"standard","meta":{"footnotes":""},"categories":[56,48],"tags":[],"class_list":["post-10416","post","type-post","status-publish","format-standard","has-post-thumbnail","hentry","category-destacadas","category-internacionales"],"_links":{"self":[{"href":"https:\/\/entretormentas.com\/index.php?rest_route=\/wp\/v2\/posts\/10416","targetHints":{"allow":["GET"]}}],"collection":[{"href":"https:\/\/entretormentas.com\/index.php?rest_route=\/wp\/v2\/posts"}],"about":[{"href":"https:\/\/entretormentas.com\/index.php?rest_route=\/wp\/v2\/types\/post"}],"author":[{"embeddable":true,"href":"https:\/\/entretormentas.com\/index.php?rest_route=\/wp\/v2\/users\/2"}],"replies":[{"embeddable":true,"href":"https:\/\/entretormentas.com\/index.php?rest_route=%2Fwp%2Fv2%2Fcomments&post=10416"}],"version-history":[{"count":1,"href":"https:\/\/entretormentas.com\/index.php?rest_route=\/wp\/v2\/posts\/10416\/revisions"}],"predecessor-version":[{"id":10418,"href":"https:\/\/entretormentas.com\/index.php?rest_route=\/wp\/v2\/posts\/10416\/revisions\/10418"}],"wp:featuredmedia":[{"embeddable":true,"href":"https:\/\/entretormentas.com\/index.php?rest_route=\/wp\/v2\/media\/10417"}],"wp:attachment":[{"href":"https:\/\/entretormentas.com\/index.php?rest_route=%2Fwp%2Fv2%2Fmedia&parent=10416"}],"wp:term":[{"taxonomy":"category","embeddable":true,"href":"https:\/\/entretormentas.com\/index.php?rest_route=%2Fwp%2Fv2%2Fcategories&post=10416"},{"taxonomy":"post_tag","embeddable":true,"href":"https:\/\/entretormentas.com\/index.php?rest_route=%2Fwp%2Fv2%2Ftags&post=10416"}],"curies":[{"name":"wp","href":"https:\/\/api.w.org\/{rel}","templated":true}]}}