{"id":10499,"date":"2024-11-24T13:16:54","date_gmt":"2024-11-24T12:16:54","guid":{"rendered":"https:\/\/entretormentas.com\/?p=10499"},"modified":"2024-11-24T13:16:55","modified_gmt":"2024-11-24T12:16:55","slug":"caos-total-colapso-inundaciones-arboles-caidos-y-un-fallecido-deja-aguacero-en-maracaibo","status":"publish","type":"post","link":"https:\/\/entretormentas.com\/caos-total-colapso-inundaciones-arboles-caidos-y-un-fallecido-deja-aguacero-en-maracaibo\/","title":{"rendered":"\u00a1CAOS TOTAL! Colapso, inundaciones, \u00e1rboles ca\u00eddos y un fallecido deja aguacero en Maracaibo"},"content":{"rendered":"\n<p><strong>ENTRE TORMENTAS. <\/strong>M\u00e1s de tres horas de un fuerte aguacero despert\u00f3 a los marabinos este s\u00e1bado 24 de noviembre. La intensa lluvia registrada gener\u00f3 el colapso de calles y avenidas, as\u00ed como de \u00e1rboles ca\u00eddos y hasta el lamentable fallecimiento de un joven de 18 a\u00f1os que fue arrastrado por la calada F\u00e9nix.<\/p>\n\n\n\n<figure class=\"wp-block-image size-large\"><img fetchpriority=\"high\" decoding=\"async\" width=\"1024\" height=\"768\" src=\"https:\/\/entretormentas.com\/wp-content\/uploads\/2024\/11\/image-411-1024x768.png\" alt=\"\" class=\"wp-image-10501\" srcset=\"https:\/\/entretormentas.com\/wp-content\/uploads\/2024\/11\/image-411-1024x768.png 1024w, https:\/\/entretormentas.com\/wp-content\/uploads\/2024\/11\/image-411-300x225.png 300w, https:\/\/entretormentas.com\/wp-content\/uploads\/2024\/11\/image-411-768x576.png 768w, https:\/\/entretormentas.com\/wp-content\/uploads\/2024\/11\/image-411.png 1080w\" sizes=\"(max-width: 1024px) 100vw, 1024px\" \/><\/figure>\n\n\n\n<p>A pocos kil\u00f3metros desde donde se lanz\u00f3 el joven John Rodr\u00edguez, desde un puente de hierro a la ca\u00f1ada F\u00e9nix para que sus amigos le hicieran un video, localizaron el cuerpo sin vida del infortunado que muri\u00f3 por ahogamiento, de acuerdo con las autoridades.<\/p>\n\n\n\n<p>John no cont\u00f3 con que las aguas de la \u2018F\u00e9nix\u2019 lo arrastraran con tal furia que no le dio tiempo a nada. Desde que los otros chicos informaron de la tragedia, se activ\u00f3 un despliegue intenso de b\u00fasqueda en el cual participaron Protecci\u00f3n Civil, Bomberos, Guardia Nacional Bolivariana, Polic\u00eda y voluntarios, quienes se adentraron a las aguas hasta encontrar al muchacho.<\/p>\n\n\n\n<figure class=\"wp-block-image size-large\"><img decoding=\"async\" width=\"1024\" height=\"650\" src=\"https:\/\/entretormentas.com\/wp-content\/uploads\/2024\/11\/image-413-1024x650.png\" alt=\"\" class=\"wp-image-10503\" srcset=\"https:\/\/entretormentas.com\/wp-content\/uploads\/2024\/11\/image-413-1024x650.png 1024w, https:\/\/entretormentas.com\/wp-content\/uploads\/2024\/11\/image-413-300x190.png 300w, https:\/\/entretormentas.com\/wp-content\/uploads\/2024\/11\/image-413-768x487.png 768w, https:\/\/entretormentas.com\/wp-content\/uploads\/2024\/11\/image-413.png 1280w\" sizes=\"(max-width: 1024px) 100vw, 1024px\" \/><\/figure>\n\n\n\n<p>Ppr otra parte, los usuarios mostraron preocupaci\u00f3n por el gran volumen de agua acumulada en la avenida Guajira, haci\u00e9ndose dif\u00edcil el paso para veh\u00edculos peque\u00f1os.<\/p>\n\n\n\n<figure class=\"wp-block-image size-large\"><img decoding=\"async\" width=\"1024\" height=\"514\" src=\"https:\/\/entretormentas.com\/wp-content\/uploads\/2024\/11\/image-412-1024x514.png\" alt=\"\" class=\"wp-image-10502\" srcset=\"https:\/\/entretormentas.com\/wp-content\/uploads\/2024\/11\/image-412-1024x514.png 1024w, https:\/\/entretormentas.com\/wp-content\/uploads\/2024\/11\/image-412-300x151.png 300w, https:\/\/entretormentas.com\/wp-content\/uploads\/2024\/11\/image-412-768x386.png 768w, https:\/\/entretormentas.com\/wp-content\/uploads\/2024\/11\/image-412.png 1167w\" sizes=\"(max-width: 1024px) 100vw, 1024px\" \/><\/figure>\n\n\n\n<p><strong>ETERNO PROBLEMA EN LA C-1<\/strong><br>Como ya se ha hecho costumbre, la Circunvalaci\u00f3n 1, a la altura del distribuidor Socorro, se inund\u00f3 por completo, de lado a lado, tanto en sentido norte-sur como en sur-norte.<\/p>\n\n\n\n<p>Decenas de veh\u00edculos atascados y un tr\u00e1fico lento y riesgoso se evidenci\u00f3 durante todo el d\u00eda. Los residentes de la urbanizaci\u00f3n Terrazas del Lago de nuevo quedaron incomunicados.<\/p>\n\n\n\n<p>Hasta ahora ninguna autoridad de los tres niveles de Gobierno ha atendido la situaci\u00f3n, quienes deben estar enterados de lo que ocurre en esa zona cada vez que llueve.<br><strong><em>ET \/ Gabriel Sthormes<\/em><\/strong><\/p>\n\n\n\n<p><\/p>\n","protected":false},"excerpt":{"rendered":"<p>ENTRE TORMENTAS. M\u00e1s de tres horas de un fuerte aguacero despert\u00f3 a los marabinos este&#8230;<\/p>\n","protected":false},"author":2,"featured_media":10500,"comment_status":"closed","ping_status":"open","sticky":false,"template":"","format":"standard","meta":{"footnotes":""},"categories":[56,1],"tags":[],"class_list":["post-10499","post","type-post","status-publish","format-standard","has-post-thumbnail","hentry","category-destacadas","category-regionales"],"_links":{"self":[{"href":"https:\/\/entretormentas.com\/index.php?rest_route=\/wp\/v2\/posts\/10499","targetHints":{"allow":["GET"]}}],"collection":[{"href":"https:\/\/entretormentas.com\/index.php?rest_route=\/wp\/v2\/posts"}],"about":[{"href":"https:\/\/entretormentas.com\/index.php?rest_route=\/wp\/v2\/types\/post"}],"author":[{"embeddable":true,"href":"https:\/\/entretormentas.com\/index.php?rest_route=\/wp\/v2\/users\/2"}],"replies":[{"embeddable":true,"href":"https:\/\/entretormentas.com\/index.php?rest_route=%2Fwp%2Fv2%2Fcomments&post=10499"}],"version-history":[{"count":1,"href":"https:\/\/entretormentas.com\/index.php?rest_route=\/wp\/v2\/posts\/10499\/revisions"}],"predecessor-version":[{"id":10504,"href":"https:\/\/entretormentas.com\/index.php?rest_route=\/wp\/v2\/posts\/10499\/revisions\/10504"}],"wp:featuredmedia":[{"embeddable":true,"href":"https:\/\/entretormentas.com\/index.php?rest_route=\/wp\/v2\/media\/10500"}],"wp:attachment":[{"href":"https:\/\/entretormentas.com\/index.php?rest_route=%2Fwp%2Fv2%2Fmedia&parent=10499"}],"wp:term":[{"taxonomy":"category","embeddable":true,"href":"https:\/\/entretormentas.com\/index.php?rest_route=%2Fwp%2Fv2%2Fcategories&post=10499"},{"taxonomy":"post_tag","embeddable":true,"href":"https:\/\/entretormentas.com\/index.php?rest_route=%2Fwp%2Fv2%2Ftags&post=10499"}],"curies":[{"name":"wp","href":"https:\/\/api.w.org\/{rel}","templated":true}]}}