{"id":10517,"date":"2024-11-25T09:17:33","date_gmt":"2024-11-25T08:17:33","guid":{"rendered":"https:\/\/entretormentas.com\/?p=10517"},"modified":"2024-11-25T09:17:34","modified_gmt":"2024-11-25T08:17:34","slug":"apoyo-al-folclor-san-francisco-entrega-el-premio-nacional-de-gaitas-monsenor-luis-guillermo-vilchez","status":"publish","type":"post","link":"https:\/\/entretormentas.com\/apoyo-al-folclor-san-francisco-entrega-el-premio-nacional-de-gaitas-monsenor-luis-guillermo-vilchez\/","title":{"rendered":"\u00a1APOYO AL FOLCLOR! San Francisco entrega el Premio Nacional de Gaitas Monse\u00f1or Luis Guillermo V\u00edlchez"},"content":{"rendered":"\n<p><strong>ENTRE TORMENTAS. <\/strong>En el marco de la celebraci\u00f3n del D\u00eda del Gaitero, el alcalde Gustavo Fern\u00e1ndez, acompa\u00f1ado por el director ejecutivo de despacho, Villapol Morales, particip\u00f3 como invitado especial en la entrega del Premio Nacional de Gaitas Monse\u00f1or Luis Guillermo V\u00edlchez, donde se reconoci\u00f3 el trabajo de los gaiteros m\u00e1s destacados del pa\u00eds, la regi\u00f3n y de San Francisco.<\/p>\n\n\n\n<p>La gala de entrega en su novena edici\u00f3n tuvo lugar en la Unidad Educativa Privada San Francisco, en la cual se rindi\u00f3 tributo a la labor de figuras e instituciones que han realizado significativos aportes a la gaita zuliana.<\/p>\n\n\n\n<p>\u00abEl gaitero es pueblo, es expresi\u00f3n, es ocurrencia, es puente. El gaitero en San Francisco ha hecho mucho y ha dado excelentes int\u00e9rpretes de la talla de Enrique Gotera, Daniel M\u00e9ndez y Luis Germ\u00e1n Brice\u00f1o, entre otros\u00bb, expres\u00f3 emocionado el mandatario municipal, quien fue honrado con el bot\u00f3n 45 a\u00f1os de vida art\u00edstica de los Zagales.<\/p>\n\n\n\n<figure class=\"wp-block-image size-large\"><img fetchpriority=\"high\" decoding=\"async\" width=\"1024\" height=\"671\" src=\"https:\/\/entretormentas.com\/wp-content\/uploads\/2024\/11\/image-422-1024x671.png\" alt=\"\" class=\"wp-image-10520\" srcset=\"https:\/\/entretormentas.com\/wp-content\/uploads\/2024\/11\/image-422-1024x671.png 1024w, https:\/\/entretormentas.com\/wp-content\/uploads\/2024\/11\/image-422-300x197.png 300w, https:\/\/entretormentas.com\/wp-content\/uploads\/2024\/11\/image-422-768x503.png 768w, https:\/\/entretormentas.com\/wp-content\/uploads\/2024\/11\/image-422.png 1280w\" sizes=\"(max-width: 1024px) 100vw, 1024px\" \/><\/figure>\n\n\n\n<p>Entre las instituciones galardonadas con la estatuilla de platinum destacan; el Pante\u00f3n Regional, el Instituto Municipal de la Gaita Ricardo Aguirre (Imgra), Fundaci\u00f3n Polar y la Unidad Educativa Privada Colegio San Francisco.<\/p>\n\n\n\n<p>Personalidades y agrupaciones como Cardenales del \u00c9xito recibieron tambi\u00e9n la estatuilla de platinum, mientras que Argenis Carruyo, Grupo Mara, Omar Rojas, Nelson Romero, Ozias Acosta, Nelida Ferrer, Jos\u00e9 Hern\u00e1ndez, Madero Show, Joshele Sarabia, Samuel Corzo, Katty Guti\u00e9rrez, Agustin Arteaga, C\u00e1tedra Gaitera, Neida Lizardo y Mirmero R\u00edos, se llevaron la estatuilla de oro.<\/p>\n\n\n\n<p><strong>Entre las mejores gaitas y gaiteros destacaron:<\/strong><\/p>\n\n\n\n<p>-Gaita impacto del a\u00f1o: Alfombra Roja de los Zagalines.<\/p>\n\n\n\n<p>-Gaita mensaje internacional: Antorcha de Paz, la trilog\u00eda perfecta de Luis Germ\u00e1n Brice\u00f1o.<\/p>\n\n\n\n<p>-Gaita del A\u00f1o para el oriente del pa\u00eds: Mi tierra Amada. Gaiteros del T\u00edo Freddy Matur\u00edn.<\/p>\n\n\n\n<p>-Gaita del a\u00f1o para el centro del pa\u00eds: Entre parrandas y pesebres de total zulianidad Caracas.<\/p>\n\n\n\n<p>-Gaita del a\u00f1o para el occidente del pa\u00eds: Negrito Coraz\u00f3n R\u00edtmicas Gaiteras Barquisimeto.<\/p>\n\n\n\n<p>-Gaita del a\u00f1o para los andes: La esquina clave Gaitera Valera.<\/p>\n\n\n\n<p>-Compositores del A\u00f1o: Wolfgang Romero y Leandro Zuleta.<\/p>\n\n\n\n<p>-Solista masculino del a\u00f1o: Jos\u00e9 Alberto Rodr\u00edguez.<\/p>\n\n\n\n<p>-Solista femenina del a\u00f1o: Ingrid Falc\u00f3n.<\/p>\n\n\n\n<p>-Grupo Infantil del a\u00f1o: Alitasia Kids.<\/p>\n\n\n\n<p>-Grupo Revelaci\u00f3n del a\u00f1o: Gaiteritos de Mairen.<\/p>\n\n\n\n<p>-Video clip del a\u00f1o: Vuelve a tu Patria. Maragaita en memoria de Danelo Badell.<\/p>\n\n\n\n<figure class=\"wp-block-image size-large\"><img decoding=\"async\" width=\"1024\" height=\"738\" src=\"https:\/\/entretormentas.com\/wp-content\/uploads\/2024\/11\/image-421-1024x738.png\" alt=\"\" class=\"wp-image-10519\" srcset=\"https:\/\/entretormentas.com\/wp-content\/uploads\/2024\/11\/image-421-1024x738.png 1024w, https:\/\/entretormentas.com\/wp-content\/uploads\/2024\/11\/image-421-300x216.png 300w, https:\/\/entretormentas.com\/wp-content\/uploads\/2024\/11\/image-421-768x553.png 768w, https:\/\/entretormentas.com\/wp-content\/uploads\/2024\/11\/image-421.png 1280w\" sizes=\"(max-width: 1024px) 100vw, 1024px\" \/><\/figure>\n\n\n\n<p><strong>Gaitas del a\u00f1o Zulia:<\/strong><br>-La facilita: La Gaita de otrora.<br>-Aqu\u00ed hace falta una gaita: Gaitismo.<br>-Vuelve a tu Patria: Maragaita.<br>-Esta sabe a gaita: Galenos.<br>-En un 2 por 3: Alitasia.<br>-Tierra maravillosa: Evocaci\u00f3n, gaita y show.<br>-Los a\u00f1os dorados: La Aguirre\u00f1a.<br>-Las parranderas querencias: Pillopo<br>-Pa que la baile yo el mundo: LAG<br>-Nueve estrellas: Arraigo.<\/p>\n\n\n\n<p>Priscarlina V\u00edlchez, presidente del Premio Nacional de Gaitas Monse\u00f1or Luis Guillermo V\u00edlchez, felicit\u00f3 a los galardonados de la noche y agradeci\u00f3 el apoyo incondicional del alcalde Gustavo Fern\u00e1ndez y del gobernador Manuel Rosales, por hacer posible esta nueva entrega, enalteciendo con gran fervor y amor, nuestro folclore zuliano.<\/p>\n\n\n\n<p>Los m\u00fasicos homenajeados agradecieron el reconocimiento y expresaron su compromiso de seguir trabajando para mantener viva la m\u00fasica zuliana, transmitirla y seguir realizando proyectos que promuevan y difundan la gaita zuliana, as\u00ed como ser una fuente de inspiraci\u00f3n para las nuevas generaciones de gaiteros.<br><strong><em>ET \/ Alcald\u00eda de San Francisco<\/em><\/strong><\/p>\n","protected":false},"excerpt":{"rendered":"<p>ENTRE TORMENTAS. En el marco de la celebraci\u00f3n del D\u00eda del Gaitero, el alcalde Gustavo&#8230;<\/p>\n","protected":false},"author":2,"featured_media":10518,"comment_status":"closed","ping_status":"open","sticky":false,"template":"","format":"standard","meta":{"footnotes":""},"categories":[57,1],"tags":[],"class_list":["post-10517","post","type-post","status-publish","format-standard","has-post-thumbnail","hentry","category-actualidad","category-regionales"],"_links":{"self":[{"href":"https:\/\/entretormentas.com\/index.php?rest_route=\/wp\/v2\/posts\/10517","targetHints":{"allow":["GET"]}}],"collection":[{"href":"https:\/\/entretormentas.com\/index.php?rest_route=\/wp\/v2\/posts"}],"about":[{"href":"https:\/\/entretormentas.com\/index.php?rest_route=\/wp\/v2\/types\/post"}],"author":[{"embeddable":true,"href":"https:\/\/entretormentas.com\/index.php?rest_route=\/wp\/v2\/users\/2"}],"replies":[{"embeddable":true,"href":"https:\/\/entretormentas.com\/index.php?rest_route=%2Fwp%2Fv2%2Fcomments&post=10517"}],"version-history":[{"count":1,"href":"https:\/\/entretormentas.com\/index.php?rest_route=\/wp\/v2\/posts\/10517\/revisions"}],"predecessor-version":[{"id":10521,"href":"https:\/\/entretormentas.com\/index.php?rest_route=\/wp\/v2\/posts\/10517\/revisions\/10521"}],"wp:featuredmedia":[{"embeddable":true,"href":"https:\/\/entretormentas.com\/index.php?rest_route=\/wp\/v2\/media\/10518"}],"wp:attachment":[{"href":"https:\/\/entretormentas.com\/index.php?rest_route=%2Fwp%2Fv2%2Fmedia&parent=10517"}],"wp:term":[{"taxonomy":"category","embeddable":true,"href":"https:\/\/entretormentas.com\/index.php?rest_route=%2Fwp%2Fv2%2Fcategories&post=10517"},{"taxonomy":"post_tag","embeddable":true,"href":"https:\/\/entretormentas.com\/index.php?rest_route=%2Fwp%2Fv2%2Ftags&post=10517"}],"curies":[{"name":"wp","href":"https:\/\/api.w.org\/{rel}","templated":true}]}}