{"id":10533,"date":"2024-11-25T09:29:45","date_gmt":"2024-11-25T08:29:45","guid":{"rendered":"https:\/\/entretormentas.com\/?p=10533"},"modified":"2024-11-25T09:29:45","modified_gmt":"2024-11-25T08:29:45","slug":"plataforma-unitaria-piden-salvoconductos-para-asilados-en-la-embajada-de-argentina-en-caracas","status":"publish","type":"post","link":"https:\/\/entretormentas.com\/plataforma-unitaria-piden-salvoconductos-para-asilados-en-la-embajada-de-argentina-en-caracas\/","title":{"rendered":"\u00a1PLATAFORMA UNITARIA! Piden salvoconductos para asilados en la Embajada de Argentina en Caracas"},"content":{"rendered":"\n<p><strong>ENTRE TORMENTAS. <\/strong>El comando de campa\u00f1a de la Plataforma Unitaria Democr\u00e1tica de Venezuela pidi\u00f3 este domingo que se emitan, \u00abcuanto antes\u00bb, salvoconductos para los seis antichavistas asilados en la residencia de la Embajada de Argentina en Caracas -custodiada por Brasil-, quienes denunciaron desde la noche del s\u00e1bado un \u00abasedio\u00bb policial que se mantiene -dijeron- hasta hoy.<\/p>\n\n\n\n<p>A trav\u00e9s de un comunicado, el comando denunci\u00f3 que la sede diplom\u00e1tica \u00abpermanece sin energ\u00eda el\u00e9ctrica y rodeada por veh\u00edculos del r\u00e9gimen que impiden el tr\u00e1nsito en el lugar\u00bb.<\/p>\n\n\n\n<p>Asimismo, report\u00f3 un \u00abbloqueo de las se\u00f1ales de comunicaci\u00f3n para evitar que se denunciara la situaci\u00f3n desde el sitio mientras se utilizaban drones para sobrevolar las \u00e1reas protegidas de la residencia\u00bb.<\/p>\n\n\n\n<p>\u00abEsta acci\u00f3n repetida constituye una clara violaci\u00f3n a los convenios internacionales en materia de asilo y diplomacia suscritos por el Estado venezolano, as\u00ed como un ataque a los derechos de los perseguidos pol\u00edticos\u00bb, sostuvo.<\/p>\n\n\n\n<p>La noche del s\u00e1bado, Pedro Urruchurtu -coordinador Internacional de Vente Venezuela (VV) y uno de los asilados- denunci\u00f3 que agentes \u00abencapuchados\u00bb con \u00abarmas largas\u00bb de la Direcci\u00f3n de Acciones Estrat\u00e9gicas y T\u00e1cticas (DAET) de la Polic\u00eda Nacional Bolivariana (PNB) \u00abrodean la sede diplom\u00e1tica y bloquean los accesos en la calle\u00bb.<\/p>\n\n\n\n<p>El pasado septiembre, luego de que varios asilados denunciaran otro \u00abasedio\u00bb policial en la residencia diplom\u00e1tica de Argentina, la l\u00edder opositora Mar\u00eda Corina Machado solicit\u00f3 a las \u00abnaciones democr\u00e1ticas\u00bb hacer \u00ablas gestiones pertinentes\u00bb para la emisi\u00f3n de salvoconductos de los refugiados.<\/p>\n\n\n\n<p>En agosto, Brasil asumi\u00f3 la representaci\u00f3n de Argentina en Venezuela, luego de la expulsi\u00f3n de los diplom\u00e1ticos argentinos ese mismo mes, pero el Gobierno de Venezuela revoc\u00f3 esta autorizaci\u00f3n en septiembre por la supuesta planificaci\u00f3n de actos terroristas en el interior de la sede por parte de los opositores asilados.<\/p>\n\n\n\n<p>Tras la medida, la Canciller\u00eda de Brasil indic\u00f3 que \u00abpermanecer\u00e1 con la custodia y defensa de los intereses\u00bb de Argentina hasta que el pa\u00eds austral \u00abdesigne a otro Estado aceptable\u00bb para el Ejecutivo de Nicol\u00e1s Maduro, a fin de llevar a cabo esas funciones.<\/p>\n\n\n\n<p>Los seis opositores se refugiaron en marzo luego de que la Fiscal\u00eda los acusara de varios delitos, como conspiraci\u00f3n y traici\u00f3n a la patria, entre otros.<\/p>\n\n\n\n<p>Adem\u00e1s de Urruchurtu, tambi\u00e9n se encuentran Magalli Meda, quien fue la jefa de campa\u00f1a para las presidenciales; Claudia Macero, coordinadora de Comunicaciones de VV; Omar Gonz\u00e1lez, exdiputado; Humberto Villalobos, coordinador electoral del Comando de Campa\u00f1a de VV, y el exministro Fernando Mart\u00ednez Mottola, asesor de la Plataforma Unitaria Democr\u00e1tica (PUD), el principal bloque opositor.<br><strong><em>ET \/ Agencias<\/em><\/strong><\/p>\n","protected":false},"excerpt":{"rendered":"<p>ENTRE TORMENTAS. El comando de campa\u00f1a de la Plataforma Unitaria Democr\u00e1tica de Venezuela pidi\u00f3 este&#8230;<\/p>\n","protected":false},"author":2,"featured_media":10531,"comment_status":"closed","ping_status":"open","sticky":false,"template":"","format":"standard","meta":{"footnotes":""},"categories":[56,49],"tags":[],"class_list":["post-10533","post","type-post","status-publish","format-standard","has-post-thumbnail","hentry","category-destacadas","category-nacionales"],"_links":{"self":[{"href":"https:\/\/entretormentas.com\/index.php?rest_route=\/wp\/v2\/posts\/10533","targetHints":{"allow":["GET"]}}],"collection":[{"href":"https:\/\/entretormentas.com\/index.php?rest_route=\/wp\/v2\/posts"}],"about":[{"href":"https:\/\/entretormentas.com\/index.php?rest_route=\/wp\/v2\/types\/post"}],"author":[{"embeddable":true,"href":"https:\/\/entretormentas.com\/index.php?rest_route=\/wp\/v2\/users\/2"}],"replies":[{"embeddable":true,"href":"https:\/\/entretormentas.com\/index.php?rest_route=%2Fwp%2Fv2%2Fcomments&post=10533"}],"version-history":[{"count":1,"href":"https:\/\/entretormentas.com\/index.php?rest_route=\/wp\/v2\/posts\/10533\/revisions"}],"predecessor-version":[{"id":10534,"href":"https:\/\/entretormentas.com\/index.php?rest_route=\/wp\/v2\/posts\/10533\/revisions\/10534"}],"wp:featuredmedia":[{"embeddable":true,"href":"https:\/\/entretormentas.com\/index.php?rest_route=\/wp\/v2\/media\/10531"}],"wp:attachment":[{"href":"https:\/\/entretormentas.com\/index.php?rest_route=%2Fwp%2Fv2%2Fmedia&parent=10533"}],"wp:term":[{"taxonomy":"category","embeddable":true,"href":"https:\/\/entretormentas.com\/index.php?rest_route=%2Fwp%2Fv2%2Fcategories&post=10533"},{"taxonomy":"post_tag","embeddable":true,"href":"https:\/\/entretormentas.com\/index.php?rest_route=%2Fwp%2Fv2%2Ftags&post=10533"}],"curies":[{"name":"wp","href":"https:\/\/api.w.org\/{rel}","templated":true}]}}