{"id":10645,"date":"2024-11-27T17:14:08","date_gmt":"2024-11-27T16:14:08","guid":{"rendered":"https:\/\/entretormentas.com\/?p=10645"},"modified":"2024-11-28T08:30:05","modified_gmt":"2024-11-28T07:30:05","slug":"a-32-anos-de-la-2da-intentona-otro-intento-de-golpe-de-estado-volvio-a-burlarse-de-cap-el-27n-de-1992","status":"publish","type":"post","link":"https:\/\/entretormentas.com\/a-32-anos-de-la-2da-intentona-otro-intento-de-golpe-de-estado-volvio-a-burlarse-de-cap-el-27n-de-1992\/","title":{"rendered":"\u00a1A 32 A\u00d1OS DE LA 2DA INTENTONA! Otro intento de golpe de Estado volvi\u00f3 a burlarse de CAP el 27N de 1992"},"content":{"rendered":"\n<p><strong><em>El 27 de Noviembre de 1992 otra vez la excesiva confianza, descuido, desinter\u00e9s o pensar que un segundo intento golpista en un mismo a\u00f1o no era posible, volvi\u00f3 a enga\u00f1ar a Carlos Andr\u00e9s P\u00e9rez y a su gobierno<\/em><\/strong><\/p>\n\n\n\n<p><strong>ENTRE TORMENTAS.<\/strong> Este 2024 est\u00e1n cumpli\u00e9ndose 32 a\u00f1os de los levantamientos militares del 4 de febrero y 27 de noviembre de 1992, respectivamente, que abrieron el camino que condujo a la separaci\u00f3n, juicio pol\u00edtico y a la destituci\u00f3n del expresidente de la Rep\u00fablica, Carlos Andr\u00e9s P\u00e9rez, nacido en Rubio, estado T\u00e1chira.<\/p>\n\n\n\n<p>La Venezuela de 1992, sin lugar a dudas, fue la de otro a\u00f1o muy convulsionado en lo que llevamos de historia republicana, cuando el pa\u00eds vivi\u00f3 el 4 de Febrero el primer intento de golpe de Estado protagonizado por el teniente coronel (Ej.) Hugo Rafael Ch\u00e1vez Fr\u00edas.<\/p>\n\n\n\n<p>Antes que el calendario terminara de pasar su \u00faltima p\u00e1gina en 1992 estar\u00eda consum\u00e1ndose, a\u00fan sin irse el pen\u00faltimo mes, el segundo intento de derrocamiento de un gobierno democr\u00e1tico nacido de las urnas. Tambi\u00e9n ser\u00eda el \u00faltimo episodio golpista en la Venezuela del Siglo XX, a ocho a\u00f1os de irse y de darle paso a la llegada del Siglo XXI.<\/p>\n\n\n\n<p>El 27N las instituciones del Estado venezolano resistieron y derrotaron otra revuelta militar cargada de violencia, venganza y muerte. Esa vez a cargo del liderazgo del general de brigada (Av.) Francisco Efra\u00edn Visconti Osorio y otros oficiales de alta graduaci\u00f3n.<\/p>\n\n\n\n<figure class=\"wp-block-image size-full\"><img fetchpriority=\"high\" decoding=\"async\" width=\"930\" height=\"629\" src=\"https:\/\/entretormentas.com\/wp-content\/uploads\/2024\/11\/image-480.png\" alt=\"\" class=\"wp-image-10646\" srcset=\"https:\/\/entretormentas.com\/wp-content\/uploads\/2024\/11\/image-480.png 930w, https:\/\/entretormentas.com\/wp-content\/uploads\/2024\/11\/image-480-300x203.png 300w, https:\/\/entretormentas.com\/wp-content\/uploads\/2024\/11\/image-480-768x519.png 768w\" sizes=\"(max-width: 930px) 100vw, 930px\" \/><figcaption class=\"wp-element-caption\"><strong>Visconti Osorio, comandante de los rebeldes, afirm\u00f3 su disposici\u00f3n de hacer su vida en el Per\u00fa. (FotoTV: Tarquino D\u00edaz)<\/strong><\/figcaption><\/figure>\n\n\n\n<p>Esa ma\u00f1ana el pa\u00eds despert\u00f3 sobresaltado cuando observ\u00f3 a trav\u00e9s de VTV, Canal 8, a tres personas con armamento en mano arengando a los venezolanos a salir a las calles, pero el llamado durante una transmisi\u00f3n de dos horas origin\u00f3 temores y no tuvo eco en la poblaci\u00f3n.<\/p>\n\n\n\n<p>\u200bEn la sede de VTV a las 3:30 de la tarde, aproximadamente, los rebeldes se rindieron luego de un enfrentamiento con las fuerzas leales que dej\u00f3 un saldo de nueve muertos, todo personal de la televisora oficial a manos de los insurgentes comandados por el&nbsp;teniente (Ej.)&nbsp;Jesse Chac\u00f3n Escamillo.<\/p>\n\n\n\n<p>Johny Burguera, RCTV, Virgilio Fern\u00e1ndez de El Universal y Key Enrique del Diario 2001, asistente de televisi\u00f3n, periodista y reportero gr\u00e1fico, respectivamente, perdieron la vida en sucesos aislados, mientras daban cobertura a la intentona golpista. Adem\u00e1s, hubo otros trabajadores de los medios de comunicaci\u00f3n, entre heridos y lesionados, que arriesgaron sus vidas ese d\u00eda lleno de violencia.<\/p>\n\n\n\n<p><strong>Plomo en el ala\u2026<\/strong><\/p>\n\n\n\n<p>A partir del 4F de 1992 aquel gobierno de la Rep\u00fablica de Venezuela, segundo de Carlos Andr\u00e9s P\u00e9rez, el peso del plomo que ya llevaba en las alas originar\u00eda al pasar de los meses, la planificaci\u00f3n y desarrollo de otra aventura subversiva de militares y civiles inconformes por la \u00absituaci\u00f3n del pa\u00eds\u00bb, en cuenta que el \u00abenemigo\u00bb, cual ave de caza no eliminada la primera vez, ten\u00eda los d\u00edas contados por estar herida de muerte.<\/p>\n\n\n\n<p>Sin embargo, el gobierno de CAP no asumi\u00f3 ni despleg\u00f3 acciones serias de investigaci\u00f3n, seguimiento, inteligencia o contra inteligencia para detectar, eliminar o desaparecer el \u00abgermen golpista\u00bb presente al interior de las Fuerzas Armadas Nacionales que volvi\u00f3 a sorprenderlo.<\/p>\n\n\n\n<figure class=\"wp-block-image size-large\"><img decoding=\"async\" width=\"1024\" height=\"515\" src=\"https:\/\/entretormentas.com\/wp-content\/uploads\/2024\/11\/image-481-1024x515.png\" alt=\"\" class=\"wp-image-10647\" srcset=\"https:\/\/entretormentas.com\/wp-content\/uploads\/2024\/11\/image-481-1024x515.png 1024w, https:\/\/entretormentas.com\/wp-content\/uploads\/2024\/11\/image-481-300x151.png 300w, https:\/\/entretormentas.com\/wp-content\/uploads\/2024\/11\/image-481-768x386.png 768w, https:\/\/entretormentas.com\/wp-content\/uploads\/2024\/11\/image-481.png 1080w\" sizes=\"(max-width: 1024px) 100vw, 1024px\" \/><figcaption class=\"wp-element-caption\"><strong>Una amplia entrevista telef\u00f3nica concedi\u00f3 el jefe de la rebeli\u00f3n del 27N, G\/B (Av) Francisco Efra\u00edn Visconti Osorio al diario LA COLUMNA.<\/strong><\/figcaption><\/figure>\n\n\n\n<p>Salvo anuncios oficiales de \u00abaveriguaciones\u00bb de los sucesos del 4F, lo que ocurri\u00f3 en la pr\u00e1ctica fue que los pronunciamientos quedaron en \u00absolo palabras que se los llev\u00f3 el viento\u00bb y los registros de aquella otra sublevaci\u00f3n quedar\u00edan s\u00f3lo impresos en la prensa de la \u00e9poca.<\/p>\n\n\n\n<p>Un d\u00eda como hoy, el levantamiento del 27N lo lider\u00f3 una parte importante de la oficialidad de la Fuerza A\u00e9rea Venezolana, FAV, destacados en las principales ciudades del pa\u00eds, donde exist\u00edan bases militares que ten\u00edan a su cargo la custodia y operatividad de equipos F16, CF5, Mirage, Tucanos T-27 y Bronco OV-10, entre otros.<\/p>\n\n\n\n<p>Sin embargo, oficiales y tropas de la FAV y de otros componentes castrenses, leales al juramento de respetar y defender la Constituci\u00f3n de la Rep\u00fablica de 1961 y a su comandante en jefe del momento, redujeron a los alzados en armas el mismo d\u00eda que la Iglesia Cat\u00f3lica lo dedica a los m\u00e1rtires San Facundo y San Primitivo.<\/p>\n\n\n\n<p><strong>Rumbo a Iquitos en Per\u00fa\u2026<\/strong><br>En la selva amaz\u00f3nica del Per\u00fa en un pueblo llamado Iquitos donde la miseria le disputaba la carrera al desarrollo, ser\u00eda el paradero final del general de brigada (Av.) Francisco Visconti Osorio, con 93 oficiales profesionales, t\u00e9cnicos, cadetes y alguna tropa que abordaron la aeronave debido al fuego cruzado, que oblig\u00f3 a una salida abrupta de la base a\u00e9rea Libertador en Maracay, estado Aragua.<\/p>\n\n\n\n<p>Despu\u00e9s del viaje en un avi\u00f3n H\u00e9rcules C-130 comenz\u00f3 un debate pol\u00edtico en el Congreso de la Rep\u00fablica, hoy Asamblea Nacional, sobre esos sucesos in\u00e9ditos, solo comparados con los levantamientos militares de El Porte\u00f1azo y El Carupanazo en la d\u00e9cada de 1960, cuando gobernaba el expresidente, R\u00f3mulo Betancourt.<\/p>\n\n\n\n<figure class=\"wp-block-image size-large\"><img decoding=\"async\" width=\"599\" height=\"1024\" src=\"https:\/\/entretormentas.com\/wp-content\/uploads\/2024\/11\/image-482-599x1024.png\" alt=\"\" class=\"wp-image-10648\" srcset=\"https:\/\/entretormentas.com\/wp-content\/uploads\/2024\/11\/image-482-599x1024.png 599w, https:\/\/entretormentas.com\/wp-content\/uploads\/2024\/11\/image-482-176x300.png 176w, https:\/\/entretormentas.com\/wp-content\/uploads\/2024\/11\/image-482.png 720w\" sizes=\"(max-width: 599px) 100vw, 599px\" \/><figcaption class=\"wp-element-caption\"><strong>La distancia entre Iquitos, Per\u00fa y Maracay, Venezuela, es de 1.669 kil\u00f3metros en l\u00ednea recta (Infograf\u00eda: Juan Pomeda)<\/strong><\/figcaption><\/figure>\n\n\n\n<p>Discursos encendidos, oradores oportunistas, justificaciones, designaci\u00f3n de comisiones y la muerte pol\u00edtica anunciada de Carlos Andr\u00e9s P\u00e9rez seguir\u00edan en adelante. CAP en su paradoja, pudo sortear dos cruentos levantamientos militares, pero en su destino no estaba resistir a maniobras, venganzas, pase de facturas, odios, resentimientos, deslealtades y traiciones.<\/p>\n\n\n\n<p><strong>La desgracia de CAP\u2026<\/strong><br>P\u00e9rez fue un dirigente socialdem\u00f3crata a quien siguieron millones. Otorg\u00f3 favores a innumerables \u00abamigos\u00bb y \u00abpersonalidades\u00bb de la vida nacional, pero en el ocaso de sus d\u00edas qued\u00f3 s\u00f3lo. Desde su propio partido AD y de otros sectores del pa\u00eds, entre ellos, los llamados Notables, adem\u00e1s del expresidente Rafael Caldera, Arturo Uslar Pietri y Ram\u00f3n Escobar Salom, confeccionaron el traje a la medida de la adelantada despedida de CAP cuando en el Congreso de la Rep\u00fablica, abrieron un juicio pol\u00edtico que allan\u00f3 su inmunidad y origin\u00f3 su destituci\u00f3n.<\/p>\n\n\n\n<p>Quien escribe \u00e9sta cr\u00f3nica laboraba en el diario metropolitano LA COLUMNA de Maracaibo, donde fui reportero responsable de la fuente de pol\u00edtica y gobierno. Esa circunstancia me vincul\u00f3 con el mundo pol\u00edtico.<\/p>\n\n\n\n<p><strong>Un dato permiti\u00f3 la exclusiva\u2026<\/strong><br>Es una m\u00e1xima de todo reportero: conocer bien, saber cultivar, atender y no descuidar nunca a la fuente period\u00edstica. La misma que ofrece un dato que hay que verificar que puede llevar o no a una exclusiva. Esa cercan\u00eda y confianza permiti\u00f3, a trav\u00e9s de una llamada, enterarme de la ubicaci\u00f3n y del posible contacto que podr\u00eda tener con el jefe de la asonada del 27N.<\/p>\n\n\n\n<p>A s\u00f3lo escasos d\u00edas de la llegada de los alzados en armas a Iquitos, recuerdo que en lo profesional fue un privilegio y secreto bien guardado conocer y tener en mi poder, los probables n\u00fameros telef\u00f3nicos de dos hoteles en ese pueblo de la amazon\u00eda peruana.<\/p>\n\n\n\n<p>All\u00ed, presuntamente, estaban alojados los venezolanos solicitantes del asilo pol\u00edtico que les fue concedido en tiempo del gobierno del presidente Alberto Fujimori, fallecido este a\u00f1o 2024. En horas el \u00abdato\u00bb dej\u00f3 de ser una presunci\u00f3n y qued\u00f3 convertido en una primicia period\u00edstica.<\/p>\n\n\n\n<p>Al enterarme de la informaci\u00f3n le asign\u00e9 relevancia y credibilidad, porque la fuente que me facilit\u00f3 el contacto telef\u00f3nico, adem\u00e1s de seria y confiable, me dijo que la referencia proven\u00eda de uno de los oficiales que estaba en Iquitos. Esa persona era de origen marabino y su vinculaci\u00f3n con mi informante era ser familiar lejano de su esposa.<\/p>\n\n\n\n<p>Teniendo en mi poder una posible exclusiva le inform\u00e9 al director del diario metropolitano LA COLUMNA, H\u00e9ctor Garc\u00eda Arcaya, lo que pose\u00eda y le solicit\u00e9 el apoyo para iniciar los contactos a trav\u00e9s de las l\u00edneas telef\u00f3nicas de esa desaparecida casa editora de Maracaibo.<\/p>\n\n\n\n<p>Asimismo la novedad se la coment\u00e9 al reportero gr\u00e1fico, Fernando Ferrer Pineda \u00abFerpin\u00bb (+), quien anduvo conmigo el 4F, cuando en \u00abuna colita obligada\u00bb fuimos hasta la base a\u00e9rea \u00abRafael Urdaneta\u00bb, donde el jefe de la 1era sublevaci\u00f3n de 1992 en el estado Zulia, comandante Francisco Javier Arias C\u00e1rdenas, me entreg\u00f3 mi carro que \u00e9l manej\u00f3 casi al amanecer de ese d\u00eda desde la residencia de gobernadores hasta la BARU. En esta parte del pa\u00eds la asonada del 27N no tuvo mayor impacto.<\/p>\n\n\n\n<p><strong>Vali\u00f3 la pena\u2026<\/strong><br>Un d\u00eda completo desde la redacci\u00f3n del peri\u00f3dico intent\u00e9 muchas veces lograr el contacto, pero resultaba infructuoso una y otra vez, porque exist\u00eda un grav\u00edsimo congestionamiento en el servicio del Discado Directo Internacional, DDI, que ofrec\u00eda la CANTV.<\/p>\n\n\n\n<p>En vista de esa circunstancia me convenc\u00ed que en el horario matutino o vespertino, por m\u00e1s que lo intentara, no iba a lograrlo o tener alg\u00fan resultado. Le propuse a la empresa que desde mi casa a trav\u00e9s de la l\u00ednea telef\u00f3nica privada, pod\u00eda intentarlo en horas nocturnas o en la madrugada.<\/p>\n\n\n\n<p>La idea gust\u00f3 y el apoyo no se hizo esperar, pero, eso s\u00ed, qued\u00f3 establecido que el pago del recibo del servicio telef\u00f3nico que arrojaran las llamadas no saldr\u00eda de mi bolsillo, producto del costoso consumo de los impulsos telef\u00f3nicos de larga distancia. Eso, doy fe, se cumpli\u00f3 seg\u00fan lo previsto.<\/p>\n\n\n\n<p>Durante la segunda madrugada por fin el contacto con el general Francisco Visconti Osorio fue posible, no sin antes haber insistido ante los recepcionistas del Hotel Turistas de Iquitos en innumerables ocasiones.<\/p>\n\n\n\n<p>Lleg\u00f3 un momento en el que la paciencia del otro lado del auricular ya casi se agotaba. No obstante, entendieron que el alto oficial venezolano y sus acompa\u00f1antes eran noticia y por eso la insistencia del trabajo reporteril. \u00abNo est\u00e1\u00bb, \u00abno se puede\u00bb , \u00abllame despu\u00e9s se\u00f1or\u00bb o \u00abno se\u00f1or, \u00e9l no puede hablar\u00bb era siempre la respuesta del o la recepcionista de guardia.<\/p>\n\n\n\n<p><strong>Visconti Osorio habl\u00f3\u2026<\/strong><br>La tarde del 1ero de diciembre de 1992 envi\u00e9 un fax desde la redacci\u00f3n del peri\u00f3dico hasta el Hotel Turistas, donde expliqu\u00e9 el prop\u00f3sito del contacto que buscaba. Esa ser\u00eda la llave que desbloque\u00f3 la puerta despu\u00e9s de innumerables intentos para ser atendido por el l\u00edder de la segunda asonada militar de ese a\u00f1o.<\/p>\n\n\n\n<p>A trav\u00e9s del di\u00e1logo que en horas de la madrugada sostendr\u00eda con el general de 46 a\u00f1os, Francisco Visconti Osorio, el pa\u00eds y el Zulia sabr\u00edan las razones de los protagonistas de lanzar un segundo movimiento insurgente en 1992 contra el gobierno venezolano del momento.<\/p>\n\n\n\n<p>Fue una entrevista publicada por el diario metropolitano La Columna en su edici\u00f3n del 3 de Diciembre de 1992. Lo que ha pasado hasta hoy es historia contempor\u00e1nea. S\u00f3lo el tiempo dir\u00e1 si aquella otra rebeli\u00f3n de oficiales de las Fuerzas Armadas de Venezuela ha sido para \u00abel bien o para el mal\u00bb de los venezolanos.<br><strong><em>Por Jos\u00e9 Aranguibel Carrasco<\/em><\/strong><\/p>\n\n\n\n<p><\/p>\n","protected":false},"excerpt":{"rendered":"<p>El 27 de Noviembre de 1992 otra vez la excesiva confianza, descuido, desinter\u00e9s o pensar&#8230;<\/p>\n","protected":false},"author":2,"featured_media":10649,"comment_status":"closed","ping_status":"open","sticky":false,"template":"","format":"standard","meta":{"footnotes":""},"categories":[49],"tags":[],"class_list":["post-10645","post","type-post","status-publish","format-standard","has-post-thumbnail","hentry","category-nacionales"],"_links":{"self":[{"href":"https:\/\/entretormentas.com\/index.php?rest_route=\/wp\/v2\/posts\/10645","targetHints":{"allow":["GET"]}}],"collection":[{"href":"https:\/\/entretormentas.com\/index.php?rest_route=\/wp\/v2\/posts"}],"about":[{"href":"https:\/\/entretormentas.com\/index.php?rest_route=\/wp\/v2\/types\/post"}],"author":[{"embeddable":true,"href":"https:\/\/entretormentas.com\/index.php?rest_route=\/wp\/v2\/users\/2"}],"replies":[{"embeddable":true,"href":"https:\/\/entretormentas.com\/index.php?rest_route=%2Fwp%2Fv2%2Fcomments&post=10645"}],"version-history":[{"count":1,"href":"https:\/\/entretormentas.com\/index.php?rest_route=\/wp\/v2\/posts\/10645\/revisions"}],"predecessor-version":[{"id":10650,"href":"https:\/\/entretormentas.com\/index.php?rest_route=\/wp\/v2\/posts\/10645\/revisions\/10650"}],"wp:featuredmedia":[{"embeddable":true,"href":"https:\/\/entretormentas.com\/index.php?rest_route=\/wp\/v2\/media\/10649"}],"wp:attachment":[{"href":"https:\/\/entretormentas.com\/index.php?rest_route=%2Fwp%2Fv2%2Fmedia&parent=10645"}],"wp:term":[{"taxonomy":"category","embeddable":true,"href":"https:\/\/entretormentas.com\/index.php?rest_route=%2Fwp%2Fv2%2Fcategories&post=10645"},{"taxonomy":"post_tag","embeddable":true,"href":"https:\/\/entretormentas.com\/index.php?rest_route=%2Fwp%2Fv2%2Ftags&post=10645"}],"curies":[{"name":"wp","href":"https:\/\/api.w.org\/{rel}","templated":true}]}}