{"id":10651,"date":"2024-11-28T01:30:48","date_gmt":"2024-11-28T00:30:48","guid":{"rendered":"https:\/\/entretormentas.com\/?p=10651"},"modified":"2024-11-28T01:30:49","modified_gmt":"2024-11-28T00:30:49","slug":"en-la-vereda-del-lago-alcaldia-lista-para-la-3era-edicion-del-maracaibo-fitness-2024","status":"publish","type":"post","link":"https:\/\/entretormentas.com\/en-la-vereda-del-lago-alcaldia-lista-para-la-3era-edicion-del-maracaibo-fitness-2024\/","title":{"rendered":"\u00a1EN LA VEREDA DEL LAGO! Alcald\u00eda lista para la 3era edici\u00f3n del Maracaibo Fitness 2024"},"content":{"rendered":"\n<p><strong>ENTRE TORMENTAS.<\/strong> Para este 28 de noviembre la Alcald\u00eda de Maracaibo, a trav\u00e9s del Instituto Municipal del Deporte y de la Recreaci\u00f3n (IMDEPREC), organiz\u00f3 la tercera edici\u00f3n de Maracaibo Fitness 2024, actividad en la que instructores reconocidos de la ciudad compartir\u00e1n con los asistentes sus pr\u00e1cticas, habilidades y conocimientos en el \u00e1rea de entrenamiento personal.<\/p>\n\n\n\n<p>Wilinton Argote, presidente del IMDEPREC, detall\u00f3 que este a\u00f1o el evento se realizar\u00e1 en el \u00e1rea de las gradas de la Vereda del Lago desde las 5:00 de la tarde.<\/p>\n\n\n\n<p>\u201cEl prop\u00f3sito es reunir en este escenario a todos los interesados para que se ejerciten con m\u00e9todos novedosos de entrenamiento, para mejorar la condici\u00f3n f\u00edsica y promover un estilo de vida saludable\u201d, explic\u00f3.<\/p>\n\n\n\n<p>Argote detall\u00f3 que para esta oportunidad buscan reunir a unas 600 personas con la exhibici\u00f3n de grupos fitness y la presentaci\u00f3n de instructores que cuentan con una importante trayectoria, cada uno en su disciplina.<\/p>\n\n\n\n<figure class=\"wp-block-image size-large\"><img fetchpriority=\"high\" decoding=\"async\" width=\"1024\" height=\"768\" src=\"https:\/\/entretormentas.com\/wp-content\/uploads\/2024\/11\/image-485-1024x768.png\" alt=\"\" class=\"wp-image-10653\" srcset=\"https:\/\/entretormentas.com\/wp-content\/uploads\/2024\/11\/image-485-1024x768.png 1024w, https:\/\/entretormentas.com\/wp-content\/uploads\/2024\/11\/image-485-300x225.png 300w, https:\/\/entretormentas.com\/wp-content\/uploads\/2024\/11\/image-485-768x576.png 768w, https:\/\/entretormentas.com\/wp-content\/uploads\/2024\/11\/image-485.png 1280w\" sizes=\"(max-width: 1024px) 100vw, 1024px\" \/><\/figure>\n\n\n\n<p>Precis\u00f3 que entre los instructores estar\u00e1n, Jenny Espina, la reconocida @espinacaws, quien impulsa el eslogan: \u201cejercicio para el alma\u201d; el personal trainer Argenis Angarita, @angaritafit; la instructora de baile Jossy Reyes, @jossylatin_dance; la instructora Alejandra Ben\u00edtez; y los instructores en bailoterapia: Ignacio Azuaje, @ignaciodance_; Franklin Almarza, @bailandoconfranklin y Odalis Villasmil, @protrainerodalis.<\/p>\n\n\n\n<p>El presidente de IMDEPREC adelant\u00f3 que se realizar\u00e1n varias exhibiciones de grupos fitness de la ciudad con el objetivo de dar a conocer a sus instructores, modalidad y ubicaci\u00f3n, para que los interesados puedan acercarse a esos espacios a realizar la actividad f\u00edsica de su preferencia.<\/p>\n\n\n\n<p>Invit\u00f3 al p\u00fablico a participar en esta actividad que como en a\u00f1os anteriores busca que los ciudadanos puedan integrarse y conocerse de cerca el deporte.<br><strong><em>ET \/ DCI Alcald\u00eda de Maracaibo<\/em><\/strong><\/p>\n\n\n\n<p><\/p>\n","protected":false},"excerpt":{"rendered":"<p>ENTRE TORMENTAS. Para este 28 de noviembre la Alcald\u00eda de Maracaibo, a trav\u00e9s del Instituto&#8230;<\/p>\n","protected":false},"author":2,"featured_media":10652,"comment_status":"closed","ping_status":"open","sticky":false,"template":"","format":"standard","meta":{"footnotes":""},"categories":[1],"tags":[],"class_list":["post-10651","post","type-post","status-publish","format-standard","has-post-thumbnail","hentry","category-regionales"],"_links":{"self":[{"href":"https:\/\/entretormentas.com\/index.php?rest_route=\/wp\/v2\/posts\/10651","targetHints":{"allow":["GET"]}}],"collection":[{"href":"https:\/\/entretormentas.com\/index.php?rest_route=\/wp\/v2\/posts"}],"about":[{"href":"https:\/\/entretormentas.com\/index.php?rest_route=\/wp\/v2\/types\/post"}],"author":[{"embeddable":true,"href":"https:\/\/entretormentas.com\/index.php?rest_route=\/wp\/v2\/users\/2"}],"replies":[{"embeddable":true,"href":"https:\/\/entretormentas.com\/index.php?rest_route=%2Fwp%2Fv2%2Fcomments&post=10651"}],"version-history":[{"count":1,"href":"https:\/\/entretormentas.com\/index.php?rest_route=\/wp\/v2\/posts\/10651\/revisions"}],"predecessor-version":[{"id":10654,"href":"https:\/\/entretormentas.com\/index.php?rest_route=\/wp\/v2\/posts\/10651\/revisions\/10654"}],"wp:featuredmedia":[{"embeddable":true,"href":"https:\/\/entretormentas.com\/index.php?rest_route=\/wp\/v2\/media\/10652"}],"wp:attachment":[{"href":"https:\/\/entretormentas.com\/index.php?rest_route=%2Fwp%2Fv2%2Fmedia&parent=10651"}],"wp:term":[{"taxonomy":"category","embeddable":true,"href":"https:\/\/entretormentas.com\/index.php?rest_route=%2Fwp%2Fv2%2Fcategories&post=10651"},{"taxonomy":"post_tag","embeddable":true,"href":"https:\/\/entretormentas.com\/index.php?rest_route=%2Fwp%2Fv2%2Ftags&post=10651"}],"curies":[{"name":"wp","href":"https:\/\/api.w.org\/{rel}","templated":true}]}}