{"id":10770,"date":"2024-12-02T09:20:45","date_gmt":"2024-12-02T08:20:45","guid":{"rendered":"https:\/\/entretormentas.com\/?p=10770"},"modified":"2024-12-02T09:20:45","modified_gmt":"2024-12-02T08:20:45","slug":"en-san-francisco-programa-somos-propietarios-entrega-44-nomenclaturas-en-el-barrio-24-de-julio","status":"publish","type":"post","link":"https:\/\/entretormentas.com\/en-san-francisco-programa-somos-propietarios-entrega-44-nomenclaturas-en-el-barrio-24-de-julio\/","title":{"rendered":"\u00a1EN SAN FRANCISCO! Programa Somos Propietarios entrega 44 nomenclaturas en el barrio 24 de Julio"},"content":{"rendered":"\n<p><strong>ENTRE TORMENTAS. <\/strong>Cumpliendo el compromiso por el bienestar y la tranquilidad de los sanfranciscanos, el alcalde Gustavo Fern\u00e1ndez realiz\u00f3 una nueva jornada del programa En San Francisco Somos Propietarios con la entrega de 44 nomenclaturas de viviendas en el barrio 24 de Julio, de la parroquia Domitila Flores.<\/p>\n\n\n\n<p>\u201cEl que habita al abrigo del alt\u00edsimo morar\u00e1 bajo la sombra del omnipotente y todos ustedes viven al abrigo del alt\u00edsimo\u201d, expres\u00f3 la primera autoridad municipal a los presentes durante esta nueva jornada que se suma a las casi mil nomenclaturas entregas recientemente entre las que destacan las parroquias Marcial Hern\u00e1ndez, Domitila Flores y Los Cortijos.<\/p>\n\n\n\n<p>Fern\u00e1ndez resalt\u00f3 la importancia de esta entrega ya que organiza a la comunidad dado a que la nomenclatura supone la determinaci\u00f3n precisa y exacta de la ubicaci\u00f3n, el espacio de sus propiedades y eso ayuda a la organizaci\u00f3n social y f\u00edsica.<\/p>\n\n\n\n<figure class=\"wp-block-image size-large\"><img fetchpriority=\"high\" decoding=\"async\" width=\"768\" height=\"1024\" src=\"https:\/\/entretormentas.com\/wp-content\/uploads\/2024\/12\/image-1-768x1024.png\" alt=\"\" class=\"wp-image-10772\" srcset=\"https:\/\/entretormentas.com\/wp-content\/uploads\/2024\/12\/image-1-768x1024.png 768w, https:\/\/entretormentas.com\/wp-content\/uploads\/2024\/12\/image-1-225x300.png 225w, https:\/\/entretormentas.com\/wp-content\/uploads\/2024\/12\/image-1.png 960w\" sizes=\"(max-width: 768px) 100vw, 768px\" \/><\/figure>\n\n\n\n<p>\u201cMiren cu\u00e1ntas bendiciones ha recibido el sector 24 de Julio en los \u00faltimos tiempos por mano primero de Dios y despu\u00e9s del gobierno regional de Manuel Rosales Guerrero y del gobierno que nosotros solo representamos. Nosotros hoy estamos haciendo justicia social porque Dios jam\u00e1s pone sobre sus hijos una carga que no sea capaz de sobrellevar\u201d, enfatiz\u00f3 desde la cancha comunal Pedro Graterol.<\/p>\n\n\n\n<p>El ejecutivo municipal estuvo acompa\u00f1ado por gran parte de los miembros de su gabinete, entre ellos, Aida Kadi, presidenta de Geom\u00e1tica, Eduardo Parra, S\u00edndico Procurador Municipal, Eduardo Fuenmayor Col\u00f3n, Director de Tierras de la sindicatura municipal, Milagros Montiel, directora Municipal de Gesti\u00f3n, Ronald Prieto, concejal del municipio, Edmir Samper, secretario parroquial de Domitila Flores, Juan Carlos Vera, asesor de Geom\u00e1tica para los asuntos de la Tierra Urbanas y Periurbanas, entre otros.<\/p>\n\n\n\n<p>Fern\u00e1ndez M\u00e9ndez destac\u00f3 el excelente trabajo en equipo que conforman Geom\u00e1tica, la Sindicatura Municipal y los secretarios y promotores parroquiales, \u201cquienes trabajan por la integridad de los ciudadanos del municipio San Francisco, realizando exitosas jornadas en diversos sectores del municipio\u201d.<\/p>\n\n\n\n<p><strong>VECINOS BENEFICIADOS<\/strong><br>Iris Parra, agradeci\u00f3 al ayuntamiento sure\u00f1o por este beneficio otorgado por el cual hab\u00eda esperado mucho tiempo, lo que le parece una excelente iniciativa ya que no cuenta con los recursos para pagar el proceso. \u201cEs un equipo muy eficiente sigan ayudando a las personas m\u00e1s necesitadas\u201d, expres\u00f3.<\/p>\n\n\n\n<p>Otra de las beneficiadas, Yeni Aguirre, cont\u00f3 estar muy agradecida con el Alcalde por la ayuda brindada y destac\u00f3 que el proceso fue muy r\u00e1pido. Asegur\u00f3 que el alcalde s\u00ed est\u00e1 cumpliendo y muestra de ello es este nuevo grupo de beneficiados del sector 24 de Julio.<br><strong><em>ET \/ Alcald\u00eda de San Francisco<\/em><\/strong><\/p>\n\n\n\n<p><\/p>\n","protected":false},"excerpt":{"rendered":"<p>ENTRE TORMENTAS. Cumpliendo el compromiso por el bienestar y la tranquilidad de los sanfranciscanos, el&#8230;<\/p>\n","protected":false},"author":2,"featured_media":10771,"comment_status":"closed","ping_status":"open","sticky":false,"template":"","format":"standard","meta":{"footnotes":""},"categories":[57,1],"tags":[],"class_list":["post-10770","post","type-post","status-publish","format-standard","has-post-thumbnail","hentry","category-actualidad","category-regionales"],"_links":{"self":[{"href":"https:\/\/entretormentas.com\/index.php?rest_route=\/wp\/v2\/posts\/10770","targetHints":{"allow":["GET"]}}],"collection":[{"href":"https:\/\/entretormentas.com\/index.php?rest_route=\/wp\/v2\/posts"}],"about":[{"href":"https:\/\/entretormentas.com\/index.php?rest_route=\/wp\/v2\/types\/post"}],"author":[{"embeddable":true,"href":"https:\/\/entretormentas.com\/index.php?rest_route=\/wp\/v2\/users\/2"}],"replies":[{"embeddable":true,"href":"https:\/\/entretormentas.com\/index.php?rest_route=%2Fwp%2Fv2%2Fcomments&post=10770"}],"version-history":[{"count":1,"href":"https:\/\/entretormentas.com\/index.php?rest_route=\/wp\/v2\/posts\/10770\/revisions"}],"predecessor-version":[{"id":10773,"href":"https:\/\/entretormentas.com\/index.php?rest_route=\/wp\/v2\/posts\/10770\/revisions\/10773"}],"wp:featuredmedia":[{"embeddable":true,"href":"https:\/\/entretormentas.com\/index.php?rest_route=\/wp\/v2\/media\/10771"}],"wp:attachment":[{"href":"https:\/\/entretormentas.com\/index.php?rest_route=%2Fwp%2Fv2%2Fmedia&parent=10770"}],"wp:term":[{"taxonomy":"category","embeddable":true,"href":"https:\/\/entretormentas.com\/index.php?rest_route=%2Fwp%2Fv2%2Fcategories&post=10770"},{"taxonomy":"post_tag","embeddable":true,"href":"https:\/\/entretormentas.com\/index.php?rest_route=%2Fwp%2Fv2%2Ftags&post=10770"}],"curies":[{"name":"wp","href":"https:\/\/api.w.org\/{rel}","templated":true}]}}