{"id":10774,"date":"2024-12-02T09:23:33","date_gmt":"2024-12-02T08:23:33","guid":{"rendered":"https:\/\/entretormentas.com\/?p=10774"},"modified":"2024-12-02T09:23:34","modified_gmt":"2024-12-02T08:23:34","slug":"tradicion-en-la-col-rosales-da-inicio-a-la-navidad-en-lagunillas-con-el-encendido-de-luces","status":"publish","type":"post","link":"https:\/\/entretormentas.com\/tradicion-en-la-col-rosales-da-inicio-a-la-navidad-en-lagunillas-con-el-encendido-de-luces\/","title":{"rendered":"\u00a1TRADICI\u00d3N EN LA COL! Rosales da inicio a la Navidad en Lagunillas con el encendido de luces"},"content":{"rendered":"\n<p><strong>ENTRE TORMENTAS. <\/strong>La noche de este s\u00e1bado, 30 de noviembre, el Gobernador del estado Zulia, Manuel Rosales Guerrero, dio inicio a la temporada navide\u00f1a en el municipio Lagunillas con el tradicional encendido de luces. Un evento que simboliza la alegr\u00eda y la unidad de la comunidad, iluminando las calles y los corazones de los habitantes, quienes se reunieron para celebrar la magia de la Navidad en un ambiente festivo y lleno de esperanza.<\/p>\n\n\n\n<p>Durante su discurso, Rosales expres\u00f3 un mensaje de cari\u00f1o hacia el pueblo, reconociendo su esfuerzo y dedicaci\u00f3n. \u00abLagunillas es un hermoso y bello pueblo, lleno de gente de trabajo y lucha. Hoy, al encender las luces, no solo iluminamos nuestras calles, sino tambi\u00e9n nuestras esperanzas\u00bb, afirm\u00f3.<\/p>\n\n\n\n<figure class=\"wp-block-image size-large\"><img fetchpriority=\"high\" decoding=\"async\" width=\"1024\" height=\"682\" src=\"https:\/\/entretormentas.com\/wp-content\/uploads\/2024\/12\/image-3-1024x682.png\" alt=\"\" class=\"wp-image-10776\" srcset=\"https:\/\/entretormentas.com\/wp-content\/uploads\/2024\/12\/image-3-1024x682.png 1024w, https:\/\/entretormentas.com\/wp-content\/uploads\/2024\/12\/image-3-300x200.png 300w, https:\/\/entretormentas.com\/wp-content\/uploads\/2024\/12\/image-3-768x512.png 768w, https:\/\/entretormentas.com\/wp-content\/uploads\/2024\/12\/image-3-1536x1024.png 1536w, https:\/\/entretormentas.com\/wp-content\/uploads\/2024\/12\/image-3-2048x1365.png 2048w\" sizes=\"(max-width: 1024px) 100vw, 1024px\" \/><\/figure>\n\n\n\n<p>El Gobernador destac\u00f3 la importancia de la Navidad como un momento para dejar atr\u00e1s las preocupaciones diarias. \u00abTodos tenemos problemas, pero cuando llega esta \u00e9poca, encendemos las luces y suena la gaita; todos volvemos a ser hermanos de lucha\u00bb, coment\u00f3, enfatizando que la alegr\u00eda compartida es fundamental para la comunidad.<\/p>\n\n\n\n<p>Rosales tambi\u00e9n hizo referencia a los avances que se est\u00e1n realizando en el municipio bajo la gesti\u00f3n del alcalde Jos\u00e9 \u201cCheo\u201d Mosquera. \u00abEstamos trabajando todos los d\u00edas para que Lagunillas vuelva a ser un municipio de progreso y esperanza\u00bb, asegur\u00f3. En este sentido, mencion\u00f3 proyectos en marcha, como la inauguraci\u00f3n en los pr\u00f3ximos d\u00edas de la carretera N, al igual que las mejoras en escuelas y ambulatorios.<\/p>\n\n\n\n<p>El tradicional encendido de luces cont\u00f3 con la presencia del Gabinete Regional y Municipal, quienes contin\u00faan trabajando de manera ardua todos los d\u00edas. \u00abSeguiremos trabajando duro en Lagunillas y en todo el Zulia, porque nuestra meta es que esta regi\u00f3n vuelva a ser la primera potencia econ\u00f3mica y social de Venezuela\u00bb.<br><strong><em>ET \/ Nota de Prensa<\/em><\/strong><\/p>\n","protected":false},"excerpt":{"rendered":"<p>ENTRE TORMENTAS. La noche de este s\u00e1bado, 30 de noviembre, el Gobernador del estado Zulia,&#8230;<\/p>\n","protected":false},"author":2,"featured_media":10775,"comment_status":"closed","ping_status":"open","sticky":false,"template":"","format":"standard","meta":{"footnotes":""},"categories":[57,1],"tags":[],"class_list":["post-10774","post","type-post","status-publish","format-standard","has-post-thumbnail","hentry","category-actualidad","category-regionales"],"_links":{"self":[{"href":"https:\/\/entretormentas.com\/index.php?rest_route=\/wp\/v2\/posts\/10774","targetHints":{"allow":["GET"]}}],"collection":[{"href":"https:\/\/entretormentas.com\/index.php?rest_route=\/wp\/v2\/posts"}],"about":[{"href":"https:\/\/entretormentas.com\/index.php?rest_route=\/wp\/v2\/types\/post"}],"author":[{"embeddable":true,"href":"https:\/\/entretormentas.com\/index.php?rest_route=\/wp\/v2\/users\/2"}],"replies":[{"embeddable":true,"href":"https:\/\/entretormentas.com\/index.php?rest_route=%2Fwp%2Fv2%2Fcomments&post=10774"}],"version-history":[{"count":1,"href":"https:\/\/entretormentas.com\/index.php?rest_route=\/wp\/v2\/posts\/10774\/revisions"}],"predecessor-version":[{"id":10777,"href":"https:\/\/entretormentas.com\/index.php?rest_route=\/wp\/v2\/posts\/10774\/revisions\/10777"}],"wp:featuredmedia":[{"embeddable":true,"href":"https:\/\/entretormentas.com\/index.php?rest_route=\/wp\/v2\/media\/10775"}],"wp:attachment":[{"href":"https:\/\/entretormentas.com\/index.php?rest_route=%2Fwp%2Fv2%2Fmedia&parent=10774"}],"wp:term":[{"taxonomy":"category","embeddable":true,"href":"https:\/\/entretormentas.com\/index.php?rest_route=%2Fwp%2Fv2%2Fcategories&post=10774"},{"taxonomy":"post_tag","embeddable":true,"href":"https:\/\/entretormentas.com\/index.php?rest_route=%2Fwp%2Fv2%2Ftags&post=10774"}],"curies":[{"name":"wp","href":"https:\/\/api.w.org\/{rel}","templated":true}]}}