{"id":10778,"date":"2024-12-02T09:26:17","date_gmt":"2024-12-02T08:26:17","guid":{"rendered":"https:\/\/entretormentas.com\/?p=10778"},"modified":"2024-12-02T09:26:17","modified_gmt":"2024-12-02T08:26:17","slug":"con-60-de-disminucion-san-francisco-pone-en-marcha-plan-para-concientizar-el-pago-unico-del-servicio-de-recoleccion-domiciliaria","status":"publish","type":"post","link":"https:\/\/entretormentas.com\/con-60-de-disminucion-san-francisco-pone-en-marcha-plan-para-concientizar-el-pago-unico-del-servicio-de-recoleccion-domiciliaria\/","title":{"rendered":"\u00a1CON 60% DE DISMINUCI\u00d3N! San Francisco pone en marcha plan para concientizar el pago \u00fanico del servicio de recolecci\u00f3n domiciliaria"},"content":{"rendered":"\n<p><strong>ENTRE TORMENTAS. <\/strong>El alcalde de San Francisco, Gustavo Fern\u00e1ndez, a trav\u00e9s de las secretar\u00edas parroquiales del municipio implementar\u00e1 una campa\u00f1a de concientizaci\u00f3n, para incentivar a los ciudadanos a registrarse en el sistema y cancelar el pago \u00fanico del servicio de aseo urbano.<\/p>\n\n\n\n<p>\u00abEn distintos puntos de las siete parroquias desplegaremos voceros para informar y atender las dudas de los vecinos con respecto a esta modalidad de pago, que puede ser a trav\u00e9s de la p\u00e1gina web del aseo urbano o de manera presencial en puntos identificados en cada sector, barrio, urbanizaci\u00f3n o zona comercial\u00bb, precis\u00f3 el titular municipal.<\/p>\n\n\n\n<figure class=\"wp-block-image size-large\"><img fetchpriority=\"high\" decoding=\"async\" width=\"1024\" height=\"682\" src=\"https:\/\/entretormentas.com\/wp-content\/uploads\/2024\/12\/image-5-1024x682.png\" alt=\"\" class=\"wp-image-10780\" srcset=\"https:\/\/entretormentas.com\/wp-content\/uploads\/2024\/12\/image-5-1024x682.png 1024w, https:\/\/entretormentas.com\/wp-content\/uploads\/2024\/12\/image-5-300x200.png 300w, https:\/\/entretormentas.com\/wp-content\/uploads\/2024\/12\/image-5-768x512.png 768w, https:\/\/entretormentas.com\/wp-content\/uploads\/2024\/12\/image-5.png 1280w\" sizes=\"(max-width: 1024px) 100vw, 1024px\" \/><\/figure>\n\n\n\n<p>En este encuentro estuvo presente el director general (e) del ayuntamiento, Villapol Morales; el gerente de planificaci\u00f3n para el control de la gesti\u00f3n, Gustavo Vecino; el gerente de operaciones, Romario Fuenmayor; la directora municipal de gesti\u00f3n, Milagros Montiel, y los secretarios parroquiales de San Francisco.<\/p>\n\n\n\n<p>Luego de los recientes anuncios del alcalde Gustavo Fern\u00e1ndez en referencia al pago del servicio de aseo domiciliario, ahora los sanfranciscanos cuentan con la importante disminuci\u00f3n del 60% en el pago \u00fanico de su deuda acumulada en los \u00faltimos 6 meses por el servicio de recolecci\u00f3n casa por casa, lo cual representa una propuesta atractiva para la ciudadan\u00eda de San Francisco.<\/p>\n\n\n\n<p>De esta forma, la gesti\u00f3n del alcalde Gustavo Fern\u00e1ndez sigue avanzando en fortalecer la eficiencia del servicio de recolecci\u00f3n de desechos s\u00f3lidos en el municipio, logrando en 3 a\u00f1os de gesti\u00f3n un avance inmensurable, que demuestra el compromiso en cumplir la palabra empe\u00f1ada a las comunidades de San Francisco de lograr el municipio m\u00e1s limpio del Zulia y Venezuela.<br><strong><em>ET \/ Alcald\u00eda de San Francisco<\/em><\/strong><\/p>\n","protected":false},"excerpt":{"rendered":"<p>ENTRE TORMENTAS. El alcalde de San Francisco, Gustavo Fern\u00e1ndez, a trav\u00e9s de las secretar\u00edas parroquiales&#8230;<\/p>\n","protected":false},"author":2,"featured_media":10779,"comment_status":"closed","ping_status":"open","sticky":false,"template":"","format":"standard","meta":{"footnotes":""},"categories":[57,1],"tags":[],"class_list":["post-10778","post","type-post","status-publish","format-standard","has-post-thumbnail","hentry","category-actualidad","category-regionales"],"_links":{"self":[{"href":"https:\/\/entretormentas.com\/index.php?rest_route=\/wp\/v2\/posts\/10778","targetHints":{"allow":["GET"]}}],"collection":[{"href":"https:\/\/entretormentas.com\/index.php?rest_route=\/wp\/v2\/posts"}],"about":[{"href":"https:\/\/entretormentas.com\/index.php?rest_route=\/wp\/v2\/types\/post"}],"author":[{"embeddable":true,"href":"https:\/\/entretormentas.com\/index.php?rest_route=\/wp\/v2\/users\/2"}],"replies":[{"embeddable":true,"href":"https:\/\/entretormentas.com\/index.php?rest_route=%2Fwp%2Fv2%2Fcomments&post=10778"}],"version-history":[{"count":1,"href":"https:\/\/entretormentas.com\/index.php?rest_route=\/wp\/v2\/posts\/10778\/revisions"}],"predecessor-version":[{"id":10781,"href":"https:\/\/entretormentas.com\/index.php?rest_route=\/wp\/v2\/posts\/10778\/revisions\/10781"}],"wp:featuredmedia":[{"embeddable":true,"href":"https:\/\/entretormentas.com\/index.php?rest_route=\/wp\/v2\/media\/10779"}],"wp:attachment":[{"href":"https:\/\/entretormentas.com\/index.php?rest_route=%2Fwp%2Fv2%2Fmedia&parent=10778"}],"wp:term":[{"taxonomy":"category","embeddable":true,"href":"https:\/\/entretormentas.com\/index.php?rest_route=%2Fwp%2Fv2%2Fcategories&post=10778"},{"taxonomy":"post_tag","embeddable":true,"href":"https:\/\/entretormentas.com\/index.php?rest_route=%2Fwp%2Fv2%2Ftags&post=10778"}],"curies":[{"name":"wp","href":"https:\/\/api.w.org\/{rel}","templated":true}]}}