{"id":10789,"date":"2024-12-02T09:33:58","date_gmt":"2024-12-02T08:33:58","guid":{"rendered":"https:\/\/entretormentas.com\/?p=10789"},"modified":"2024-12-02T09:33:59","modified_gmt":"2024-12-02T08:33:59","slug":"en-varias-ciudades-del-mundo-venezolanos-se-suman-a-protesta-convocada-por-maria-corina-machado","status":"publish","type":"post","link":"https:\/\/entretormentas.com\/en-varias-ciudades-del-mundo-venezolanos-se-suman-a-protesta-convocada-por-maria-corina-machado\/","title":{"rendered":"\u00a1EN VARIAS CIUDADES DEL MUNDO! Venezolanos se suman a protesta convocada por Mar\u00eda Corina Machado"},"content":{"rendered":"\n<p><strong>ENTRE TORMENTAS. <\/strong>Venezolanos en diferentes ciudades del mundo se sumaron a la protesta que convoc\u00f3 la l\u00edder de la oposici\u00f3n, Mar\u00eda Corina Machado, este 1 de diciembre, en la que piden a la Corte Penal Internacional (CPI) que act\u00fae por los cr\u00edmenes de lesa humanidad de los que responsabilizan a Nicol\u00e1s Maduro en Venezuela: violaci\u00f3n de derechos humanos, represi\u00f3n y detenciones arbitrarias.<\/p>\n\n\n\n<p>\u201cTenemos que actuar ya, este 1 de diciembre va a ser una protesta \u00fanica, in\u00e9dita, con nuestras manos en rojo, con valent\u00eda. El mundo entero se va a concentrar en la causa de un pa\u00eds que ha decidido avanzar hasta el final\u201d, dijo Mar\u00eda Corina Machado sobre el uso del color rojo en la protesta con labiales y pa\u00f1uelos blancos.<\/p>\n\n\n\n<p>En las cuentas en redes sociales de Mundo Con Venezuela, Comando Con Venezuela y con la etiqueta #CPIAct\u00faaYaXVzla de X comenzaron a publicar fotograf\u00edas de venezolanos en diferentes pa\u00edses.<\/p>\n\n\n\n<figure class=\"wp-block-image size-full\"><img fetchpriority=\"high\" decoding=\"async\" width=\"845\" height=\"446\" src=\"https:\/\/entretormentas.com\/wp-content\/uploads\/2024\/12\/image-9.png\" alt=\"\" class=\"wp-image-10790\" srcset=\"https:\/\/entretormentas.com\/wp-content\/uploads\/2024\/12\/image-9.png 845w, https:\/\/entretormentas.com\/wp-content\/uploads\/2024\/12\/image-9-300x158.png 300w, https:\/\/entretormentas.com\/wp-content\/uploads\/2024\/12\/image-9-768x405.png 768w\" sizes=\"(max-width: 845px) 100vw, 845px\" \/><\/figure>\n\n\n\n<p>En Madrid y Barcelona, ciudades de Espa\u00f1a, se reunieron para pedir a la CPI que acelere el proceso judicial contra Nicol\u00e1s Maduro y otros personeros del gobierno oficialista. \u00abVenezuela necesita ser liberada\u00bb, \u00abAct\u00faen ya\u00bb, \u00abSOS Venezuela\u00bb y \u00abVenezuela Libre\u00bb, son algunos mensajes en pancartas que utilizan los manifestantes en estas ciudades.<\/p>\n\n\n\n<p>Tambi\u00e9n se sumaron a esta convocatoria de Machado los venezolanos en Kobe, Nagoya, Tokio y Hakuba, en Jap\u00f3n; Brisbane y Melbourne, en Australia; Nueva Zelanda, Inglaterra, Italia, Uruguay, Argentina y al menos 60 ciudades del mundo.<\/p>\n\n\n\n<p>Los venezolanos sacaron sus banderas, pintaron sus manos y rostro con tinta roja y utilizaron pa\u00f1uelos blancos para reflejar el reclamo ciudadano despu\u00e9s de las presidenciales del 28 de julio, cuando el Consejo Nacional Electoral dio ganador a Nicol\u00e1s Maduro y no mostr\u00f3 las actas.<br><strong><em>ET \/ EFE<\/em><\/strong><\/p>\n","protected":false},"excerpt":{"rendered":"<p>ENTRE TORMENTAS. Venezolanos en diferentes ciudades del mundo se sumaron a la protesta que convoc\u00f3&#8230;<\/p>\n","protected":false},"author":2,"featured_media":10791,"comment_status":"closed","ping_status":"open","sticky":false,"template":"","format":"standard","meta":{"footnotes":""},"categories":[56,48],"tags":[],"class_list":["post-10789","post","type-post","status-publish","format-standard","has-post-thumbnail","hentry","category-destacadas","category-internacionales"],"_links":{"self":[{"href":"https:\/\/entretormentas.com\/index.php?rest_route=\/wp\/v2\/posts\/10789","targetHints":{"allow":["GET"]}}],"collection":[{"href":"https:\/\/entretormentas.com\/index.php?rest_route=\/wp\/v2\/posts"}],"about":[{"href":"https:\/\/entretormentas.com\/index.php?rest_route=\/wp\/v2\/types\/post"}],"author":[{"embeddable":true,"href":"https:\/\/entretormentas.com\/index.php?rest_route=\/wp\/v2\/users\/2"}],"replies":[{"embeddable":true,"href":"https:\/\/entretormentas.com\/index.php?rest_route=%2Fwp%2Fv2%2Fcomments&post=10789"}],"version-history":[{"count":1,"href":"https:\/\/entretormentas.com\/index.php?rest_route=\/wp\/v2\/posts\/10789\/revisions"}],"predecessor-version":[{"id":10792,"href":"https:\/\/entretormentas.com\/index.php?rest_route=\/wp\/v2\/posts\/10789\/revisions\/10792"}],"wp:featuredmedia":[{"embeddable":true,"href":"https:\/\/entretormentas.com\/index.php?rest_route=\/wp\/v2\/media\/10791"}],"wp:attachment":[{"href":"https:\/\/entretormentas.com\/index.php?rest_route=%2Fwp%2Fv2%2Fmedia&parent=10789"}],"wp:term":[{"taxonomy":"category","embeddable":true,"href":"https:\/\/entretormentas.com\/index.php?rest_route=%2Fwp%2Fv2%2Fcategories&post=10789"},{"taxonomy":"post_tag","embeddable":true,"href":"https:\/\/entretormentas.com\/index.php?rest_route=%2Fwp%2Fv2%2Ftags&post=10789"}],"curies":[{"name":"wp","href":"https:\/\/api.w.org\/{rel}","templated":true}]}}