{"id":10793,"date":"2024-12-02T09:35:56","date_gmt":"2024-12-02T08:35:56","guid":{"rendered":"https:\/\/entretormentas.com\/?p=10793"},"modified":"2024-12-02T09:35:56","modified_gmt":"2024-12-02T08:35:56","slug":"manifestacion-global-protestan-en-regiones-de-venezuela-contra-la-persecucion-y-el-hostigamiento","status":"publish","type":"post","link":"https:\/\/entretormentas.com\/manifestacion-global-protestan-en-regiones-de-venezuela-contra-la-persecucion-y-el-hostigamiento\/","title":{"rendered":"\u00a1MANIFESTACI\u00d3N GLOBAL! Protestan en regiones de Venezuela contra \u201cla persecuci\u00f3n y el hostigamiento\u201d"},"content":{"rendered":"\n<p><strong>ENTRE TORMENTAS.<\/strong> Venezolanos protestaron este domingo en varias regiones de su pa\u00eds contra \u201cla persecuci\u00f3n, el hostigamiento y la represi\u00f3n\u201d que -aseguran- hay, sobre todo, tras las elecciones del pasado 28 de julio, cuando el presidente Nicol\u00e1s Maduro fue proclamado ganador y la oposici\u00f3n mayoritaria denunci\u00f3 fraude.<\/p>\n\n\n\n<p>Seg\u00fan la mayor coalici\u00f3n antichavista -la Plataforma Unitaria Democr\u00e1tica (PUD)-, ciudadanos en Bol\u00edvar, Monagas, Barinas, M\u00e9rida, Carabobo, Delta Amacuro y Miranda, entre otros estados, participaron en la convocada protesta para, desde distintas ciudades de este pa\u00eds y del mundo, exigir que act\u00fae \u201cya\u201d la Corte Penal Internacional (CPI), que investiga a Venezuela por presuntos cr\u00edmenes de lesa humanidad.<\/p>\n\n\n\n<p>De acuerdo con las fotograf\u00edas compartidas en redes sociales por la PUD, as\u00ed como por activistas y partidos miembros de esta coalici\u00f3n, los manifestantes siguieron las instrucciones de pintar de rojo su mano y pon\u00e9rsela sobre la boca para marcar su forma, en se\u00f1al de protesta contra la \u201crepresi\u00f3n del r\u00e9gimen criminal de Nicol\u00e1s Maduro\u201d.<\/p>\n\n\n\n<p>Venezolanos protestan contra acciones del Gobierno<br>Desde Bol\u00edvar (sur, fronterizo con Brasil), los opositores se\u00f1alaron que Venezuela \u201ctom\u00f3 una decisi\u00f3n el 28 de julio\u201d -en referencia al reclamado triunfo del candidato de la PUD, Edmundo Gonz\u00e1lez Urrutia-, por lo que pidieron respeto a la Constituci\u00f3n y a la soberan\u00eda popular.<\/p>\n\n\n\n<p>En Monagas (este), las personas ten\u00edan carteles con mensajes como \u201cVenezuela gan\u00f3 ya, Edmundo presidente\u201d y \u201cbasta de abusos y atropellos\u201d, mientras que en M\u00e9rida (oeste), tras participar en una misa, exigieron la liberaci\u00f3n de los \u201cpresos pol\u00edticos\u201d y el cese de la \u201cpersecuci\u00f3n\u201d.<br><strong><em>ET \/ Agencias<\/em><\/strong><\/p>\n","protected":false},"excerpt":{"rendered":"<p>ENTRE TORMENTAS. Venezolanos protestaron este domingo en varias regiones de su pa\u00eds contra \u201cla persecuci\u00f3n,&#8230;<\/p>\n","protected":false},"author":2,"featured_media":10794,"comment_status":"closed","ping_status":"open","sticky":false,"template":"","format":"standard","meta":{"footnotes":""},"categories":[56,49],"tags":[],"class_list":["post-10793","post","type-post","status-publish","format-standard","has-post-thumbnail","hentry","category-destacadas","category-nacionales"],"_links":{"self":[{"href":"https:\/\/entretormentas.com\/index.php?rest_route=\/wp\/v2\/posts\/10793","targetHints":{"allow":["GET"]}}],"collection":[{"href":"https:\/\/entretormentas.com\/index.php?rest_route=\/wp\/v2\/posts"}],"about":[{"href":"https:\/\/entretormentas.com\/index.php?rest_route=\/wp\/v2\/types\/post"}],"author":[{"embeddable":true,"href":"https:\/\/entretormentas.com\/index.php?rest_route=\/wp\/v2\/users\/2"}],"replies":[{"embeddable":true,"href":"https:\/\/entretormentas.com\/index.php?rest_route=%2Fwp%2Fv2%2Fcomments&post=10793"}],"version-history":[{"count":1,"href":"https:\/\/entretormentas.com\/index.php?rest_route=\/wp\/v2\/posts\/10793\/revisions"}],"predecessor-version":[{"id":10795,"href":"https:\/\/entretormentas.com\/index.php?rest_route=\/wp\/v2\/posts\/10793\/revisions\/10795"}],"wp:featuredmedia":[{"embeddable":true,"href":"https:\/\/entretormentas.com\/index.php?rest_route=\/wp\/v2\/media\/10794"}],"wp:attachment":[{"href":"https:\/\/entretormentas.com\/index.php?rest_route=%2Fwp%2Fv2%2Fmedia&parent=10793"}],"wp:term":[{"taxonomy":"category","embeddable":true,"href":"https:\/\/entretormentas.com\/index.php?rest_route=%2Fwp%2Fv2%2Fcategories&post=10793"},{"taxonomy":"post_tag","embeddable":true,"href":"https:\/\/entretormentas.com\/index.php?rest_route=%2Fwp%2Fv2%2Ftags&post=10793"}],"curies":[{"name":"wp","href":"https:\/\/api.w.org\/{rel}","templated":true}]}}