{"id":10799,"date":"2024-12-02T09:41:40","date_gmt":"2024-12-02T08:41:40","guid":{"rendered":"https:\/\/entretormentas.com\/?p=10799"},"modified":"2024-12-02T09:41:40","modified_gmt":"2024-12-02T08:41:40","slug":"emotiva-madrugada-la-chinita-se-despide-de-su-grey-y-retorna-a-su-nicho-tras-la-procesion-de-la-aurora","status":"publish","type":"post","link":"https:\/\/entretormentas.com\/emotiva-madrugada-la-chinita-se-despide-de-su-grey-y-retorna-a-su-nicho-tras-la-procesion-de-la-aurora\/","title":{"rendered":"\u00a1EMOTIVA MADRUGADA! La Chinita se despide de su grey y retorna a su nicho tras la procesi\u00f3n de la Aurora"},"content":{"rendered":"\n<p><strong>ENTRE TORMENTAS.<\/strong> La virgen del Rosario de Chiquinquir\u00e1 culmin\u00f3 sus Fiestas Patronales 2024 con su tradicional Aurora, donde centenares de devotos la acompa\u00f1aron en procesi\u00f3n durante toda la noche hasta dejarla de nuevo en su nicho en la la nave central de la Bas\u00edlica Santuario.<\/p>\n\n\n\n<p>A las 11.00 de la noche de este s\u00e1bado 30 de noviembre, inici\u00f3 la santa eucarist\u00eda, presidida por el p\u00e1rroco rector Nedward Andrade, y ante la presencia de los feligreses que se dieron cita.<\/p>\n\n\n\n<p>Al finalizar la misa y ante una serenata gaitera ofrecida por el conjunto de los Servidores de Mar\u00eda, la Patrona del Zulia, parti\u00f3 en hombros de los \u00abHombres de Blanco\u00bb a recorrer las calles y avenidas de El Saladillo.<\/p>\n\n\n\n<figure class=\"wp-block-image size-large\"><img fetchpriority=\"high\" decoding=\"async\" width=\"1024\" height=\"461\" src=\"https:\/\/entretormentas.com\/wp-content\/uploads\/2024\/12\/image-14-1024x461.png\" alt=\"\" class=\"wp-image-10801\" srcset=\"https:\/\/entretormentas.com\/wp-content\/uploads\/2024\/12\/image-14-1024x461.png 1024w, https:\/\/entretormentas.com\/wp-content\/uploads\/2024\/12\/image-14-300x135.png 300w, https:\/\/entretormentas.com\/wp-content\/uploads\/2024\/12\/image-14-768x346.png 768w, https:\/\/entretormentas.com\/wp-content\/uploads\/2024\/12\/image-14.png 1280w\" sizes=\"(max-width: 1024px) 100vw, 1024px\" \/><\/figure>\n\n\n\n<p>La Virgen Morena visit\u00f3 las casas y calles adornadas con banderas y globos blancos y celestes en una procesi\u00f3n que se extendi\u00f3 por casi seis horas, recibiendo flores, oraciones y c\u00e1nticos en altares improvisados en lo que se considera el encuentro m\u00e1s \u00edntimo entre la Chinita y su grey.<\/p>\n\n\n\n<p>Pasada las 5:00 de la ma\u00f1ana de este domingo 1 de diciembre, la Sagrada Dama del Saladillo, lleg\u00f3 a la Plazoleta de la Bas\u00edlica, al son de las gaitas interpretadas por el Barrio Obrero de Cabimas, conjunto que cumpli\u00f3 69 a\u00f1os de fundado y 52 cantando en la Aurora.<\/p>\n\n\n\n<figure class=\"wp-block-image size-large\"><img decoding=\"async\" width=\"461\" height=\"1024\" src=\"https:\/\/entretormentas.com\/wp-content\/uploads\/2024\/12\/image-16-461x1024.png\" alt=\"\" class=\"wp-image-10803\" srcset=\"https:\/\/entretormentas.com\/wp-content\/uploads\/2024\/12\/image-16-461x1024.png 461w, https:\/\/entretormentas.com\/wp-content\/uploads\/2024\/12\/image-16-135x300.png 135w, https:\/\/entretormentas.com\/wp-content\/uploads\/2024\/12\/image-16.png 576w\" sizes=\"(max-width: 461px) 100vw, 461px\" \/><\/figure>\n\n\n\n<p>Las madrugada se fue y con los primeros rayos del sol y un cielo anaranjado, la Chinita ingres\u00f3 en medio de aplausos y l\u00e1grimas a su templo para luego subir a su nicho, despidi\u00e9ndose as\u00ed hasta las festividades del a\u00f1o 2025.<br><strong><em>ET \/ Gabriel Sthormes<\/em><\/strong><\/p>\n","protected":false},"excerpt":{"rendered":"<p>ENTRE TORMENTAS. La virgen del Rosario de Chiquinquir\u00e1 culmin\u00f3 sus Fiestas Patronales 2024 con su&#8230;<\/p>\n","protected":false},"author":2,"featured_media":10800,"comment_status":"closed","ping_status":"open","sticky":false,"template":"","format":"standard","meta":{"footnotes":""},"categories":[56,1],"tags":[],"class_list":["post-10799","post","type-post","status-publish","format-standard","has-post-thumbnail","hentry","category-destacadas","category-regionales"],"_links":{"self":[{"href":"https:\/\/entretormentas.com\/index.php?rest_route=\/wp\/v2\/posts\/10799","targetHints":{"allow":["GET"]}}],"collection":[{"href":"https:\/\/entretormentas.com\/index.php?rest_route=\/wp\/v2\/posts"}],"about":[{"href":"https:\/\/entretormentas.com\/index.php?rest_route=\/wp\/v2\/types\/post"}],"author":[{"embeddable":true,"href":"https:\/\/entretormentas.com\/index.php?rest_route=\/wp\/v2\/users\/2"}],"replies":[{"embeddable":true,"href":"https:\/\/entretormentas.com\/index.php?rest_route=%2Fwp%2Fv2%2Fcomments&post=10799"}],"version-history":[{"count":1,"href":"https:\/\/entretormentas.com\/index.php?rest_route=\/wp\/v2\/posts\/10799\/revisions"}],"predecessor-version":[{"id":10804,"href":"https:\/\/entretormentas.com\/index.php?rest_route=\/wp\/v2\/posts\/10799\/revisions\/10804"}],"wp:featuredmedia":[{"embeddable":true,"href":"https:\/\/entretormentas.com\/index.php?rest_route=\/wp\/v2\/media\/10800"}],"wp:attachment":[{"href":"https:\/\/entretormentas.com\/index.php?rest_route=%2Fwp%2Fv2%2Fmedia&parent=10799"}],"wp:term":[{"taxonomy":"category","embeddable":true,"href":"https:\/\/entretormentas.com\/index.php?rest_route=%2Fwp%2Fv2%2Fcategories&post=10799"},{"taxonomy":"post_tag","embeddable":true,"href":"https:\/\/entretormentas.com\/index.php?rest_route=%2Fwp%2Fv2%2Ftags&post=10799"}],"curies":[{"name":"wp","href":"https:\/\/api.w.org\/{rel}","templated":true}]}}