{"id":10818,"date":"2024-12-03T08:50:21","date_gmt":"2024-12-03T07:50:21","guid":{"rendered":"https:\/\/entretormentas.com\/?p=10818"},"modified":"2024-12-03T08:50:21","modified_gmt":"2024-12-03T07:50:21","slug":"en-cabimas-y-lagunillas-gobernacion-despliega-feria-de-la-hallaca-en-col-este-martes-03-d","status":"publish","type":"post","link":"https:\/\/entretormentas.com\/en-cabimas-y-lagunillas-gobernacion-despliega-feria-de-la-hallaca-en-col-este-martes-03-d\/","title":{"rendered":"\u00a1EN CABIMAS Y LAGUNILLAS! Gobernaci\u00f3n despliega Feria de la Hallaca en COL este martes #03-D"},"content":{"rendered":"\n<p><strong>ENTRE TORMENTAS.<\/strong> La Gobernaci\u00f3n del Zulia, a trav\u00e9s de la Secretar\u00eda de Desarrollo Social y los Mercados Populares, realizar\u00e1 este martes 3 de diciembre, grandes jornadas en Cabimas y Lagunillas, con el objetivo de llenar de sabor y tradici\u00f3n al pueblo zuliano.<\/p>\n\n\n\n<p>La Feria de la Hallaca se llevar\u00e1 a cabo en el municipio Cabimas, parroquia Jorge Hern\u00e1ndez, barrio Punto Fijo, Cancha de Usos M\u00faltiples Barrio Punto Fijo; y en el Municipio Lagunillas, parroquia Alonso de Ojeda, av. Bol\u00edvar, plaza Bol\u00edvar de Lagunillas; a partir de las 8:00 a.m. Este mercado contar\u00e1 con alimentos de primera calidad a precios insuperables.<\/p>\n\n\n\n<p>A trav\u00e9s de estas jornadas, la Gobernaci\u00f3n del Zulia brinda atenci\u00f3n, calidad de vida y bienestar a las familias y comunidades.<br><strong><em>ET \/ Nota de Prensa<\/em><\/strong><\/p>\n","protected":false},"excerpt":{"rendered":"<p>ENTRE TORMENTAS. La Gobernaci\u00f3n del Zulia, a trav\u00e9s de la Secretar\u00eda de Desarrollo Social y&#8230;<\/p>\n","protected":false},"author":2,"featured_media":10819,"comment_status":"closed","ping_status":"open","sticky":false,"template":"","format":"standard","meta":{"footnotes":""},"categories":[57,1],"tags":[],"class_list":["post-10818","post","type-post","status-publish","format-standard","has-post-thumbnail","hentry","category-actualidad","category-regionales"],"_links":{"self":[{"href":"https:\/\/entretormentas.com\/index.php?rest_route=\/wp\/v2\/posts\/10818","targetHints":{"allow":["GET"]}}],"collection":[{"href":"https:\/\/entretormentas.com\/index.php?rest_route=\/wp\/v2\/posts"}],"about":[{"href":"https:\/\/entretormentas.com\/index.php?rest_route=\/wp\/v2\/types\/post"}],"author":[{"embeddable":true,"href":"https:\/\/entretormentas.com\/index.php?rest_route=\/wp\/v2\/users\/2"}],"replies":[{"embeddable":true,"href":"https:\/\/entretormentas.com\/index.php?rest_route=%2Fwp%2Fv2%2Fcomments&post=10818"}],"version-history":[{"count":1,"href":"https:\/\/entretormentas.com\/index.php?rest_route=\/wp\/v2\/posts\/10818\/revisions"}],"predecessor-version":[{"id":10820,"href":"https:\/\/entretormentas.com\/index.php?rest_route=\/wp\/v2\/posts\/10818\/revisions\/10820"}],"wp:featuredmedia":[{"embeddable":true,"href":"https:\/\/entretormentas.com\/index.php?rest_route=\/wp\/v2\/media\/10819"}],"wp:attachment":[{"href":"https:\/\/entretormentas.com\/index.php?rest_route=%2Fwp%2Fv2%2Fmedia&parent=10818"}],"wp:term":[{"taxonomy":"category","embeddable":true,"href":"https:\/\/entretormentas.com\/index.php?rest_route=%2Fwp%2Fv2%2Fcategories&post=10818"},{"taxonomy":"post_tag","embeddable":true,"href":"https:\/\/entretormentas.com\/index.php?rest_route=%2Fwp%2Fv2%2Ftags&post=10818"}],"curies":[{"name":"wp","href":"https:\/\/api.w.org\/{rel}","templated":true}]}}