{"id":10821,"date":"2024-12-03T08:54:01","date_gmt":"2024-12-03T07:54:01","guid":{"rendered":"https:\/\/entretormentas.com\/?p=10821"},"modified":"2024-12-03T08:54:02","modified_gmt":"2024-12-03T07:54:02","slug":"alcaldia-de-maracaibo-refuerzan-recoleccion-de-desechos-segun-cronograma-semanal-y-bisemanal","status":"publish","type":"post","link":"https:\/\/entretormentas.com\/alcaldia-de-maracaibo-refuerzan-recoleccion-de-desechos-segun-cronograma-semanal-y-bisemanal\/","title":{"rendered":"\u00a1ALCALD\u00cdA DE MARACAIBO! Refuerzan recolecci\u00f3n de desechos seg\u00fan cronograma semanal y bisemanal"},"content":{"rendered":"\n<p><strong>ENTRE TORMENTAS. <\/strong>Ante la llegada de diciembre, uno de los meses en los que se producen m\u00e1s desechos s\u00f3lidos en la ciudad, la Alcald\u00eda de Maracaibo a trav\u00e9s Instituto Municipal de Aseo Urbano de Maracaibo (IMAU) recuerda a la colectividad que existe un cronograma de recolecci\u00f3n que est\u00e1 dise\u00f1ado para atender las 18 parroquias del municipio.<\/p>\n\n\n\n<p>Y es que para garantizar una recolecci\u00f3n \u00f3ptima es fundamental que se respete el cronograma al momento de sacar los desechos del hogar, por lo que es importante destacar que son ochos las parroquias (Bol\u00edvar, Coquivacoa, Cacique Mara, Cecilio Acosta, Manuel Dagnino, Cristo de Aranza, Juana de \u00c1vila y Olegario Villalobos) que cuentan con un horario bisemanal, y 10 parroquias (Cristo de Aranza, Luis Hurtado Higuera, Santa Luc\u00eda, Francisco Eugenio Bustamante, San Isidro, Idelfonso V\u00e1squez, Antonio Borjas Romero, Chiquinquir\u00e1, Caracciolo Parra P\u00e9rez y Ra\u00fal Leoni) que reciben la visita del aseo urbano una vez a la semana.<\/p>\n\n\n\n<figure class=\"wp-block-image size-large\"><img fetchpriority=\"high\" decoding=\"async\" width=\"1024\" height=\"576\" src=\"https:\/\/entretormentas.com\/wp-content\/uploads\/2024\/12\/image-26-1024x576.png\" alt=\"\" class=\"wp-image-10823\" srcset=\"https:\/\/entretormentas.com\/wp-content\/uploads\/2024\/12\/image-26-1024x576.png 1024w, https:\/\/entretormentas.com\/wp-content\/uploads\/2024\/12\/image-26-300x169.png 300w, https:\/\/entretormentas.com\/wp-content\/uploads\/2024\/12\/image-26-768x432.png 768w, https:\/\/entretormentas.com\/wp-content\/uploads\/2024\/12\/image-26.png 1280w\" sizes=\"(max-width: 1024px) 100vw, 1024px\" \/><\/figure>\n\n\n\n<p>Adri\u00e1n Romero, alcalde encargado de Maracaibo, destac\u00f3 en un recorrido nocturno de recolecci\u00f3n que se realiz\u00f3 en la parroquia Olegario Villalobos que se sigue cumpliendo con el cronograma domiciliario.<\/p>\n\n\n\n<p>\u201cEstamos desplegados para sanear los espacios con todos nuestros equipos de ambientalistas del IMAU. Los vecinos solo tienen que sacar sus desechos de forma educada. El llamado que hacemos es al marabino consciente para que juntos sigamos construyendo soluciones\u201d, recalc\u00f3 el alcalde encargado.<\/p>\n\n\n\n<p><strong>VECINOS COMPROMETIDOS<\/strong><br>H\u00e9ctor Guanipa, habitante del sector Don Bosco de Olegario Villalobos, record\u00f3 que el servicio de recolecci\u00f3n de desechos en su zona est\u00e1 a cargo de la Alcald\u00eda de Maracaibo. \u201cPor aqu\u00ed s\u00ed vienen a recoger los desechos y todav\u00eda est\u00e1 mucho mejor el servicio que antes, cuando ni un cami\u00f3n se ve\u00eda en la calle\u201d.<\/p>\n\n\n\n<p>Nora Colmenares, vecina de Don Bosco, solicit\u00f3 se siga cumpliendo con el cronograma de recolecci\u00f3n, que hasta el mes de agosto por su zona pasaba dos veces a la semana. \u201cEn comparaci\u00f3n con 2020 estamos mejor con el aseo, no nos podemos quejar, pero no queremos que eliminen el cronograma\u201d, mencion\u00f3.<\/p>\n\n\n\n<figure class=\"wp-block-image size-large\"><img decoding=\"async\" width=\"1024\" height=\"576\" src=\"https:\/\/entretormentas.com\/wp-content\/uploads\/2024\/12\/image-27-1024x576.png\" alt=\"\" class=\"wp-image-10824\" srcset=\"https:\/\/entretormentas.com\/wp-content\/uploads\/2024\/12\/image-27-1024x576.png 1024w, https:\/\/entretormentas.com\/wp-content\/uploads\/2024\/12\/image-27-300x169.png 300w, https:\/\/entretormentas.com\/wp-content\/uploads\/2024\/12\/image-27-768x432.png 768w, https:\/\/entretormentas.com\/wp-content\/uploads\/2024\/12\/image-27.png 1280w\" sizes=\"(max-width: 1024px) 100vw, 1024px\" \/><\/figure>\n\n\n\n<p>Yasmina Paz, habitante de la parroquia Chiquinquir\u00e1, expres\u00f3 que est\u00e1 satisfecha con le recolecci\u00f3n de desechos por su sector. \u201cVeo que est\u00e1n trabajando correctamente. Est\u00e1n haciendo bastante esfuerzo, espero que todo siga as\u00ed. Por aqu\u00ed el cami\u00f3n pasa todos los mi\u00e9rcoles\u201d, recalc\u00f3 la sexagenaria.<\/p>\n\n\n\n<p><strong>CRONOGRAMA DE RECOLECCI\u00d3N DE DESECHOS<br><\/strong>Lunes: Cristo de Aranza, Luis Hurtado Higuera y Olegario Villalobos.<br>Martes: Santa Luc\u00eda, Idelfonso V\u00e1squez, Bol\u00edvar, Cecilio Acosta, Cacique Mara y Coquivacoa.<br>Mi\u00e9rcoles: Manuel Dagnino y Chiquinquir\u00e1.<br>Jueves: Cristo de Aranza, Olegario Villalobos y Ra\u00fal Leoni.<br>Viernes: Cacique Mara, Cecilio Acosta, Francisco Eugenio Bustamante, Caracciolo Parra P\u00e9rez y San Isidro<br>S\u00e1bado: Venancio Pulgar, Manuel Dagnino, Bol\u00edvar y Juana de \u00c1vila.<br>Domingo: Antonio Borjas Romero y Coquivacoa.<br><strong><em>ET \/ DCI Alcald\u00eda de Maracaibo<\/em><\/strong><\/p>\n\n\n\n<p><\/p>\n","protected":false},"excerpt":{"rendered":"<p>ENTRE TORMENTAS. Ante la llegada de diciembre, uno de los meses en los que se&#8230;<\/p>\n","protected":false},"author":2,"featured_media":10822,"comment_status":"closed","ping_status":"open","sticky":false,"template":"","format":"standard","meta":{"footnotes":""},"categories":[57,1],"tags":[],"class_list":["post-10821","post","type-post","status-publish","format-standard","has-post-thumbnail","hentry","category-actualidad","category-regionales"],"_links":{"self":[{"href":"https:\/\/entretormentas.com\/index.php?rest_route=\/wp\/v2\/posts\/10821","targetHints":{"allow":["GET"]}}],"collection":[{"href":"https:\/\/entretormentas.com\/index.php?rest_route=\/wp\/v2\/posts"}],"about":[{"href":"https:\/\/entretormentas.com\/index.php?rest_route=\/wp\/v2\/types\/post"}],"author":[{"embeddable":true,"href":"https:\/\/entretormentas.com\/index.php?rest_route=\/wp\/v2\/users\/2"}],"replies":[{"embeddable":true,"href":"https:\/\/entretormentas.com\/index.php?rest_route=%2Fwp%2Fv2%2Fcomments&post=10821"}],"version-history":[{"count":1,"href":"https:\/\/entretormentas.com\/index.php?rest_route=\/wp\/v2\/posts\/10821\/revisions"}],"predecessor-version":[{"id":10825,"href":"https:\/\/entretormentas.com\/index.php?rest_route=\/wp\/v2\/posts\/10821\/revisions\/10825"}],"wp:featuredmedia":[{"embeddable":true,"href":"https:\/\/entretormentas.com\/index.php?rest_route=\/wp\/v2\/media\/10822"}],"wp:attachment":[{"href":"https:\/\/entretormentas.com\/index.php?rest_route=%2Fwp%2Fv2%2Fmedia&parent=10821"}],"wp:term":[{"taxonomy":"category","embeddable":true,"href":"https:\/\/entretormentas.com\/index.php?rest_route=%2Fwp%2Fv2%2Fcategories&post=10821"},{"taxonomy":"post_tag","embeddable":true,"href":"https:\/\/entretormentas.com\/index.php?rest_route=%2Fwp%2Fv2%2Ftags&post=10821"}],"curies":[{"name":"wp","href":"https:\/\/api.w.org\/{rel}","templated":true}]}}