{"id":10831,"date":"2024-12-03T09:03:26","date_gmt":"2024-12-03T08:03:26","guid":{"rendered":"https:\/\/entretormentas.com\/?p=10831"},"modified":"2024-12-03T09:03:27","modified_gmt":"2024-12-03T08:03:27","slug":"gobernador-rosales-la-robotica-abre-un-camino-para-crear-un-zulia-grande-y-prospero","status":"publish","type":"post","link":"https:\/\/entretormentas.com\/gobernador-rosales-la-robotica-abre-un-camino-para-crear-un-zulia-grande-y-prospero\/","title":{"rendered":"GOBERNADOR ROSALES: \u00abLa Rob\u00f3tica abre un camino para crear un Zulia grande y pr\u00f3spero\u00bb"},"content":{"rendered":"\n<p><strong>ENTRE TORMENTAS. <\/strong>En transmisi\u00f3n, en vivo, desde la Biblioteca P\u00fablica del Zulia, \u00abMar\u00eda Calca\u00f1o\u00bb, el gobernador Manuel Rosales, inaugur\u00f3 este lunes, 2 de diciembre, la Feria del D\u00eda de la Inteligencia Artificial y la Rob\u00f3tica, cuyos cimientos iniciaron en su primera gesti\u00f3n con la creaci\u00f3n de las Aulas Virtuales en los colegios adscritos a la Gobernaci\u00f3n del estado.<\/p>\n\n\n\n<p>Al inicio de su intervenci\u00f3n manifest\u00f3: \u00abquiero transmitirle a todo el Zulia un afectuoso saludo en este inicio del mes de diciembre. Un mes que nos invita a la uni\u00f3n, la paz y el encuentro, inspirados en la fe y nuestras tradiciones\u00bb.<\/p>\n\n\n\n<figure class=\"wp-block-image size-large\"><img fetchpriority=\"high\" decoding=\"async\" width=\"1024\" height=\"682\" src=\"https:\/\/entretormentas.com\/wp-content\/uploads\/2024\/12\/image-34-1024x682.png\" alt=\"\" class=\"wp-image-10835\" srcset=\"https:\/\/entretormentas.com\/wp-content\/uploads\/2024\/12\/image-34-1024x682.png 1024w, https:\/\/entretormentas.com\/wp-content\/uploads\/2024\/12\/image-34-300x200.png 300w, https:\/\/entretormentas.com\/wp-content\/uploads\/2024\/12\/image-34-768x512.png 768w, https:\/\/entretormentas.com\/wp-content\/uploads\/2024\/12\/image-34-1536x1024.png 1536w, https:\/\/entretormentas.com\/wp-content\/uploads\/2024\/12\/image-34-2048x1365.png 2048w\" sizes=\"(max-width: 1024px) 100vw, 1024px\" \/><\/figure>\n\n\n\n<p>Manifest\u00f3 que era maravilloso estar aqu\u00ed, en la inauguraci\u00f3n de esta feria dedicada a celebrar la Inteligencia Artificial y la Rob\u00f3tica en nuestro querido estado Zulia. \u00abFuimos pioneros en darle un merecido sitial a la tecnolog\u00eda y por eso el 2 de diciembre de 2022, en el Teatro Bellas Artes, decretamos el D\u00eda de la Rob\u00f3tica y la Inteligencia Artificial en el Zulia\u00bb.<\/p>\n\n\n\n<p>Rosales recalc\u00f3 que para darle mayor fuerza a ese decreto cre\u00f3 el Programa Ingenio y Futuro, \u00aben el cual involucramos a las Universidades, tecnol\u00f3gicos del Zulia y al sector privado, para profundizar en los conocimientos de ciencia, tecnolog\u00eda, ingenier\u00eda y matem\u00e1ticas\u00bb, dijo.<\/p>\n\n\n\n<p>Record\u00f3 que el pasado 19 de junio, en el Auditorio de la Universidad Rafael Urdaneta, graduamos a los primeros 500 jovenes de este Programa. Y anunci\u00f3 que hoy se pone en marcha una nueva etapa del monumental Programa de Rob\u00f3tica y de Inteligencia Artificial, que cre\u00f3 desde el inicio de su gesti\u00f3n.<\/p>\n\n\n\n<figure class=\"wp-block-image size-large\"><img decoding=\"async\" width=\"1024\" height=\"683\" src=\"https:\/\/entretormentas.com\/wp-content\/uploads\/2024\/12\/image-33-1024x683.png\" alt=\"\" class=\"wp-image-10834\" srcset=\"https:\/\/entretormentas.com\/wp-content\/uploads\/2024\/12\/image-33-1024x683.png 1024w, https:\/\/entretormentas.com\/wp-content\/uploads\/2024\/12\/image-33-300x200.png 300w, https:\/\/entretormentas.com\/wp-content\/uploads\/2024\/12\/image-33-768x512.png 768w, https:\/\/entretormentas.com\/wp-content\/uploads\/2024\/12\/image-33-1536x1025.png 1536w, https:\/\/entretormentas.com\/wp-content\/uploads\/2024\/12\/image-33-2048x1366.png 2048w\" sizes=\"(max-width: 1024px) 100vw, 1024px\" \/><\/figure>\n\n\n\n<p>Rosales argument\u00f3 que esta etapa significa un importante salto en el desarrollo del Programa, porque conecta directamente al ciudadano con esta comunidad tecnol\u00f3gica.<\/p>\n\n\n\n<p>Y agreg\u00f3: \u00abQueremos que los zulianos sientan el orgullo de ser de la tierra de los Campeones Mundiales de Inteligencia Artificial y Rob\u00f3tica. Este evento interactivo ha sido dise\u00f1ado por el Instituto de Rob\u00f3tica, para ofrecer una experiencia inmersiva que despierta la curiosidad, fomenta el aprendizaje y, sobre todo, inspira a las futuras generaciones de cient\u00edficos, ingenieros y creadores\u00bb.<\/p>\n\n\n\n<p>Explic\u00f3, adem\u00e1s, que en las estaciones de realidad virtual, estudiantes y familias tendr\u00e1n la oportunidad de sumergirse en entornos que desaf\u00edan la imaginaci\u00f3n. Desde explorar el funcionamiento de un robot, hasta simular la programaci\u00f3n de inteligencias artificiales.<\/p>\n\n\n\n<p>Destac\u00f3 que, a trav\u00e9s de estas experiencias, se busca no solo ense\u00f1ar, sino tambi\u00e9n motivar a nuestros j\u00f3venes a pensar de manera creativa y cr\u00edtica. \u00abQuiero nombrar a las escuelas p\u00fablicas y privadas que hoy est\u00e1n presentes en esta feria. \u00abMe refiero a las escuelas P\u00fablicas: \u00abReinaldo Martinez\u00bb, FVM, El Rosario, \u00abLuis Arrieta Acosta\u00bb, 15 de Enero, \u00abCarmelita Morales\u00bb, \u00abJos\u00e9 Felix Rivas\u00bb, \u00abJoaqu\u00edn Esteva Parra\u00bb, \u00abAntonio Ram\u00f3n Vallecillos\u00bb, Altos de Milagro Norte, \u00abRam\u00f3n Reinoso N\u00fa\u00f1ez\u00bb, Mar\u00eda Auxiliadora, \u00abMonse\u00f1or Olegario Villalobos\u00bb, La Merced y Ni\u00f1os Cantores\u201d.<\/p>\n\n\n\n<p>Y las instituciones privadas, que participan de esta esta feria, son el Liceo los Robles, los colegios Altamira, Salto \u00c1ngel, Maristas, Claret,<br>Santa Ana, Apamates, Fatima, Thomson, Santa Rita, Mater Salvatoris, Alem\u00e1n, Guadalupe, San Jos\u00e9 de Calasanz y San Vicente de Pa\u00fal.<\/p>\n\n\n\n<figure class=\"wp-block-image size-large\"><img decoding=\"async\" width=\"1024\" height=\"682\" src=\"https:\/\/entretormentas.com\/wp-content\/uploads\/2024\/12\/image-32-1024x682.png\" alt=\"\" class=\"wp-image-10833\" srcset=\"https:\/\/entretormentas.com\/wp-content\/uploads\/2024\/12\/image-32-1024x682.png 1024w, https:\/\/entretormentas.com\/wp-content\/uploads\/2024\/12\/image-32-300x200.png 300w, https:\/\/entretormentas.com\/wp-content\/uploads\/2024\/12\/image-32-768x512.png 768w, https:\/\/entretormentas.com\/wp-content\/uploads\/2024\/12\/image-32-1536x1024.png 1536w, https:\/\/entretormentas.com\/wp-content\/uploads\/2024\/12\/image-32-2048x1365.png 2048w\" sizes=\"(max-width: 1024px) 100vw, 1024px\" \/><\/figure>\n\n\n\n<p>Rosales salud\u00f3, una vez m\u00e1s, a las instituciones de educaci\u00f3n superior que apoyan este programa: LUZ, URBE, \u00abJos\u00e9 Gregorio Hern\u00e1ndez\u00bb, la Universidad Nacional Abierta, Uniojeda, el Instituto \u00abAntonio Jos\u00e9 de Sucre\u00bb, Polit\u00e9cnico \u00abSantiago Mari\u00f1o\u00bb y el Instituto Universitario de San Francisco. \u00abA todos, gracias por tenerle fe a este empe\u00f1o de trabajar, sin descanso, para convertir al Zulia en el mayor referente tecnol\u00f3gico de toda Venezuela\u00bb.<\/p>\n\n\n\n<p>Mencion\u00f3 que el Instituto de Inteligencia Artificial y Rob\u00f3tica que cre\u00f3 lleva por nombre H\u00e9ctor Rojas. \u00abUn zuliano que permanec\u00eda en el olvido y cuya memoria rescatamos, fue uno de los cient\u00edficos fundamentales para la NASA en sus programas aeroespaciales. Inspirados en ese genio, hijo de esta tierra, estamos dando un vuelco al modelo educativo\u00bb, apunt\u00f3.<\/p>\n\n\n\n<p>Finalmente, Rosales anunci\u00f3 que el pr\u00f3ximo avance de este moderno proceso ser\u00e1 la Rob\u00f3tica Virtual, que se basa en el uso de entornos virtuales para la programaci\u00f3n de robots . \u00abLa Rob\u00f3tica Virtual nos permite explorar y crear lo inimaginable, pero el verdadero poder reside en la creatividad humana. En el encuentro de la Rob\u00f3tica y los ciudadanos, la l\u00f3gica y la emoci\u00f3n, nos abre un camino hacia un futuro lleno de oportunidades, para crear un Zulia grande y pr\u00f3spero\u00bb.<br><strong><em>ET \/ Nota de Prensa<\/em><\/strong><\/p>\n","protected":false},"excerpt":{"rendered":"<p>ENTRE TORMENTAS. En transmisi\u00f3n, en vivo, desde la Biblioteca P\u00fablica del Zulia, \u00abMar\u00eda Calca\u00f1o\u00bb, el&#8230;<\/p>\n","protected":false},"author":2,"featured_media":10832,"comment_status":"closed","ping_status":"open","sticky":false,"template":"","format":"standard","meta":{"footnotes":""},"categories":[57,1],"tags":[],"class_list":["post-10831","post","type-post","status-publish","format-standard","has-post-thumbnail","hentry","category-actualidad","category-regionales"],"_links":{"self":[{"href":"https:\/\/entretormentas.com\/index.php?rest_route=\/wp\/v2\/posts\/10831","targetHints":{"allow":["GET"]}}],"collection":[{"href":"https:\/\/entretormentas.com\/index.php?rest_route=\/wp\/v2\/posts"}],"about":[{"href":"https:\/\/entretormentas.com\/index.php?rest_route=\/wp\/v2\/types\/post"}],"author":[{"embeddable":true,"href":"https:\/\/entretormentas.com\/index.php?rest_route=\/wp\/v2\/users\/2"}],"replies":[{"embeddable":true,"href":"https:\/\/entretormentas.com\/index.php?rest_route=%2Fwp%2Fv2%2Fcomments&post=10831"}],"version-history":[{"count":1,"href":"https:\/\/entretormentas.com\/index.php?rest_route=\/wp\/v2\/posts\/10831\/revisions"}],"predecessor-version":[{"id":10836,"href":"https:\/\/entretormentas.com\/index.php?rest_route=\/wp\/v2\/posts\/10831\/revisions\/10836"}],"wp:featuredmedia":[{"embeddable":true,"href":"https:\/\/entretormentas.com\/index.php?rest_route=\/wp\/v2\/media\/10832"}],"wp:attachment":[{"href":"https:\/\/entretormentas.com\/index.php?rest_route=%2Fwp%2Fv2%2Fmedia&parent=10831"}],"wp:term":[{"taxonomy":"category","embeddable":true,"href":"https:\/\/entretormentas.com\/index.php?rest_route=%2Fwp%2Fv2%2Fcategories&post=10831"},{"taxonomy":"post_tag","embeddable":true,"href":"https:\/\/entretormentas.com\/index.php?rest_route=%2Fwp%2Fv2%2Ftags&post=10831"}],"curies":[{"name":"wp","href":"https:\/\/api.w.org\/{rel}","templated":true}]}}