{"id":10837,"date":"2024-12-03T09:06:22","date_gmt":"2024-12-03T08:06:22","guid":{"rendered":"https:\/\/entretormentas.com\/?p=10837"},"modified":"2024-12-03T09:06:23","modified_gmt":"2024-12-03T08:06:23","slug":"vicepresidenta-del-mas-ley-organica-simon-bolivar-forma-parte-de-la-ruta-autoritaria","status":"publish","type":"post","link":"https:\/\/entretormentas.com\/vicepresidenta-del-mas-ley-organica-simon-bolivar-forma-parte-de-la-ruta-autoritaria\/","title":{"rendered":"VICEPRESIDENTA DEL MAS: \u00abLey Org\u00e1nica Sim\u00f3n Bol\u00edvar forma parte de la ruta autoritaria\u00bb"},"content":{"rendered":"\n<p><strong>ENTRE TORMENTAS.<\/strong> Para la vicepresidenta nacional del MAS, Mar\u00eda Verdeal, el gobierno del presidente Nicol\u00e1s Maduro, construye de manera paulatina un Estado represivo a trav\u00e9s de una ruta autoritaria de tinte legal para perseguir y castigar a los venezolanos.<\/p>\n\n\n\n<p>\u00abLa Asamblea Nacional aprob\u00f3 ahora la Ley Org\u00e1nica Libertador Sim\u00f3n Bol\u00edvar y anteriormente hab\u00eda sancionado la Ley contra el Fascismo y Neofascismo, as\u00ed como la Ley contra el Odio\u00bb.<\/p>\n\n\n\n<p>Explic\u00f3 que la Ley Org\u00e1nica Libertador Sim\u00f3n Bol\u00edvar contra el bloqueo antiimperialista y la defensa de la Rep\u00fablica Bolivariana de Venezuela es una respuesta a la Ley Bol\u00edvar que aprob\u00f3 recientemente la C\u00e1mara de Representantes de los Estados Unidos y que tambi\u00e9n rechaza el partido naranja. \u00abSon las naciones quienes determinan si aplican las sanciones. Es un acto soberano\u00bb.<\/p>\n\n\n\n<p>Aclar\u00f3 que el MAS ha rechazado todas las sanciones que han reca\u00eddo en contra de Venezuela porque afectan a la poblaci\u00f3n y no logran los \u00abobjetivos propuestos\u00bb; solo sirven para justificar la incapacidad y los desastres que cometen quienes est\u00e1n en el poder. \u00abLa Ley Sim\u00f3n Bol\u00edvar es inconstitucional y contraviene principios legales, entre ellos el de la retroactividad porque podr\u00eda aplicarse a hechos pasados\u00bb.<\/p>\n\n\n\n<p>Verdeal indic\u00f3 que a\u00fan se desconoce si ser\u00e1 una ley administrativa o una ley punitiva porque establece penas de 25 a 30 a\u00f1os y multas de hasta 1 mill\u00f3n de veces del tipo de cambio. \u00abLa Constituci\u00f3n Nacional contempla una pena m\u00e1xima de 30 a\u00f1os y ninguna sanci\u00f3n administrativa o penal puede superar lo establecido\u00bb.<\/p>\n\n\n\n<p>La dirigente de la tolda naranja se\u00f1al\u00f3 que la ley en cuesti\u00f3n se atribuye la expulsi\u00f3n del territorio a los extranjeros y el juicio en ausencia, lo cual est\u00e1 expresamente prohibido en nuestra Constituci\u00f3n y dem\u00e1s tratados internacionales suscritos y ratificados por Venezuela.<\/p>\n\n\n\n<p>Alert\u00f3 que esta legislaci\u00f3n tiene la potestad de sancionar la divulgaci\u00f3n de mensajes, tanto en medios de comunicaci\u00f3n como en redes sociales.<\/p>\n\n\n\n<p>\u00abLa Ley Sim\u00f3n Bol\u00edvar viola directamente la presunci\u00f3n de inocencia, el debido proceso y va en contra del pueblo venezolano.Todos somos sospechosos y podemos ser v\u00edctimas de la aplicaci\u00f3n subjetiva de esta norma arbitraria, injusta e inconstitucional\u201d.<\/p>\n\n\n\n<p>Verdeal llam\u00f3 a alzar la voz ante este articulado que aprob\u00f3 la Asamblea Nacional de manera un\u00e1nime. \u00abLos parlamentarios est\u00e1n para legislar a favor de los venezolanos y no del partido de gobierno.<\/p>\n\n\n\n<p>El MAS manifest\u00f3 su apoyo a la justicia de paz, tema que se viene desarrollando desde hace m\u00e1s de 20 a\u00f1os en el pa\u00eds. No obstante, sobre las elecciones de los jueces de paz, previstas para el 15 de diciembre, Mar\u00eda Verdeal asegur\u00f3 pretenden celebrarse de forma clandestina y atropellada, donde nadie sabe de esta materia.<\/p>\n\n\n\n<p>\u201cDesde el MAS proponemos la suspensi\u00f3n de la elecci\u00f3n de los jueces de paz y dar una pr\u00f3rroga para que las comunidades tengan una mayor participaci\u00f3n y no sea un proceso exclusivo del PSUV\u00bb, finaliz\u00f3.<br><strong><em>ET \/ Prensa MAS<\/em><\/strong><\/p>\n\n\n\n<p><\/p>\n","protected":false},"excerpt":{"rendered":"<p>ENTRE TORMENTAS. Para la vicepresidenta nacional del MAS, Mar\u00eda Verdeal, el gobierno del presidente Nicol\u00e1s&#8230;<\/p>\n","protected":false},"author":2,"featured_media":10838,"comment_status":"closed","ping_status":"open","sticky":false,"template":"","format":"standard","meta":{"footnotes":""},"categories":[56,49],"tags":[],"class_list":["post-10837","post","type-post","status-publish","format-standard","has-post-thumbnail","hentry","category-destacadas","category-nacionales"],"_links":{"self":[{"href":"https:\/\/entretormentas.com\/index.php?rest_route=\/wp\/v2\/posts\/10837","targetHints":{"allow":["GET"]}}],"collection":[{"href":"https:\/\/entretormentas.com\/index.php?rest_route=\/wp\/v2\/posts"}],"about":[{"href":"https:\/\/entretormentas.com\/index.php?rest_route=\/wp\/v2\/types\/post"}],"author":[{"embeddable":true,"href":"https:\/\/entretormentas.com\/index.php?rest_route=\/wp\/v2\/users\/2"}],"replies":[{"embeddable":true,"href":"https:\/\/entretormentas.com\/index.php?rest_route=%2Fwp%2Fv2%2Fcomments&post=10837"}],"version-history":[{"count":1,"href":"https:\/\/entretormentas.com\/index.php?rest_route=\/wp\/v2\/posts\/10837\/revisions"}],"predecessor-version":[{"id":10839,"href":"https:\/\/entretormentas.com\/index.php?rest_route=\/wp\/v2\/posts\/10837\/revisions\/10839"}],"wp:featuredmedia":[{"embeddable":true,"href":"https:\/\/entretormentas.com\/index.php?rest_route=\/wp\/v2\/media\/10838"}],"wp:attachment":[{"href":"https:\/\/entretormentas.com\/index.php?rest_route=%2Fwp%2Fv2%2Fmedia&parent=10837"}],"wp:term":[{"taxonomy":"category","embeddable":true,"href":"https:\/\/entretormentas.com\/index.php?rest_route=%2Fwp%2Fv2%2Fcategories&post=10837"},{"taxonomy":"post_tag","embeddable":true,"href":"https:\/\/entretormentas.com\/index.php?rest_route=%2Fwp%2Fv2%2Ftags&post=10837"}],"curies":[{"name":"wp","href":"https:\/\/api.w.org\/{rel}","templated":true}]}}