{"id":10848,"date":"2024-12-03T09:15:04","date_gmt":"2024-12-03T08:15:04","guid":{"rendered":"https:\/\/entretormentas.com\/?p=10848"},"modified":"2024-12-03T09:15:04","modified_gmt":"2024-12-03T08:15:04","slug":"confiados-mcm-y-edmundo-gonzalez-afirman-que-protesta-del-domingo-motivo-respuesta-de-karim-khan","status":"publish","type":"post","link":"https:\/\/entretormentas.com\/confiados-mcm-y-edmundo-gonzalez-afirman-que-protesta-del-domingo-motivo-respuesta-de-karim-khan\/","title":{"rendered":"\u00a1CONFIADOS! MCM y Edmundo Gonz\u00e1lez afirman que protesta del domingo motiv\u00f3 respuesta de Karim Khan"},"content":{"rendered":"\n<p><strong>ENTRE TORMENTAS.<\/strong> Los l\u00edderes opositores Mar\u00eda Corina Machado y Edmundo Gonz\u00e1lez Urrutia aseguraron en sus redes sociales que la protesta que se llev\u00f3 a cabo el domingo 1 de diciembre en varias ciudades dentro y fuera del pa\u00eds motiv\u00f3 al fiscal de la Corte Penal Internacional (CPI), Karim Khan, a pronunciarse sobre los presos pol\u00edticos tras las protestas electorales y la investigaci\u00f3n que adelanta su despacho durante su discurso de apertura en el evento que se realiza en La Haya.<\/p>\n\n\n\n<p>A trav\u00e9s de la red social X, Machado consider\u00f3 como \u00absignificativo\u00bb que Khan abordara el tema venezolano en la Asamblea de los Estados Parte de la CPI. Resalt\u00f3 el mensaje del fiscal, quien se\u00f1al\u00f3 que las investigaciones siguen adelante y la necesidad de liberar a los presos pol\u00edticos.<\/p>\n\n\n\n<p>En opini\u00f3n de Machado, este pronunciamiento le ratifica a los venezolanos que la protesta s\u00ed funciona.<\/p>\n\n\n\n<p>Pidi\u00f3 a los venezolanos estar atentos a lo que ocurra en los pr\u00f3ximos d\u00edas en La Haya y otros lugares del mundo.<\/p>\n\n\n\n<p>Por su parte, Gonz\u00e1lez Urrutia asever\u00f3 por la misma plataforma que, luego de la jornada celebrada el domingo, este lunes es un d\u00eda \u00abmuy importante\u00bb para las v\u00edctimas de la represi\u00f3n por parte del Estado venezolano.<\/p>\n\n\n\n<p>En su mensaje, el tambi\u00e9n embajador enfatiz\u00f3 que el mandatario Nicol\u00e1s Maduro no ha cumplido el memorando de entendimiento firmado por Karim Khan a nombre de la Fiscal\u00eda de la CPI, lo que a su juicio deja en evidencia \u00abque los representantes del Estado venezolano no tienen la voluntad de llevar a cabo procesos reales que garanticen justicia para las v\u00edctimas\u00bb.<\/p>\n\n\n\n<p>En ese sentido, exhort\u00f3 al fiscal de la CPI a continuar sus investigaciones con \u00abfirmeza y decisi\u00f3n\u00bb en el caso Venezuela.<br><strong><em>ET \/ Agencias<\/em><\/strong><\/p>\n\n\n\n<p><\/p>\n","protected":false},"excerpt":{"rendered":"<p>ENTRE TORMENTAS. Los l\u00edderes opositores Mar\u00eda Corina Machado y Edmundo Gonz\u00e1lez Urrutia aseguraron en sus&#8230;<\/p>\n","protected":false},"author":2,"featured_media":10849,"comment_status":"closed","ping_status":"open","sticky":false,"template":"","format":"standard","meta":{"footnotes":""},"categories":[56,49],"tags":[],"class_list":["post-10848","post","type-post","status-publish","format-standard","has-post-thumbnail","hentry","category-destacadas","category-nacionales"],"_links":{"self":[{"href":"https:\/\/entretormentas.com\/index.php?rest_route=\/wp\/v2\/posts\/10848","targetHints":{"allow":["GET"]}}],"collection":[{"href":"https:\/\/entretormentas.com\/index.php?rest_route=\/wp\/v2\/posts"}],"about":[{"href":"https:\/\/entretormentas.com\/index.php?rest_route=\/wp\/v2\/types\/post"}],"author":[{"embeddable":true,"href":"https:\/\/entretormentas.com\/index.php?rest_route=\/wp\/v2\/users\/2"}],"replies":[{"embeddable":true,"href":"https:\/\/entretormentas.com\/index.php?rest_route=%2Fwp%2Fv2%2Fcomments&post=10848"}],"version-history":[{"count":1,"href":"https:\/\/entretormentas.com\/index.php?rest_route=\/wp\/v2\/posts\/10848\/revisions"}],"predecessor-version":[{"id":10850,"href":"https:\/\/entretormentas.com\/index.php?rest_route=\/wp\/v2\/posts\/10848\/revisions\/10850"}],"wp:featuredmedia":[{"embeddable":true,"href":"https:\/\/entretormentas.com\/index.php?rest_route=\/wp\/v2\/media\/10849"}],"wp:attachment":[{"href":"https:\/\/entretormentas.com\/index.php?rest_route=%2Fwp%2Fv2%2Fmedia&parent=10848"}],"wp:term":[{"taxonomy":"category","embeddable":true,"href":"https:\/\/entretormentas.com\/index.php?rest_route=%2Fwp%2Fv2%2Fcategories&post=10848"},{"taxonomy":"post_tag","embeddable":true,"href":"https:\/\/entretormentas.com\/index.php?rest_route=%2Fwp%2Fv2%2Ftags&post=10848"}],"curies":[{"name":"wp","href":"https:\/\/api.w.org\/{rel}","templated":true}]}}