{"id":10881,"date":"2024-12-04T09:14:07","date_gmt":"2024-12-04T08:14:07","guid":{"rendered":"https:\/\/entretormentas.com\/?p=10881"},"modified":"2024-12-04T09:14:07","modified_gmt":"2024-12-04T08:14:07","slug":"se-lamentan-en-san-francisco-vecinos-del-barrio-dalia-de-fernandez-pasan-roncha-y-penumbra-por-transformador-danado","status":"publish","type":"post","link":"https:\/\/entretormentas.com\/se-lamentan-en-san-francisco-vecinos-del-barrio-dalia-de-fernandez-pasan-roncha-y-penumbra-por-transformador-danado\/","title":{"rendered":"\u00a1SE LAMENTAN EN SAN FRANCISCO! Vecinos del barrio Dalia de Fern\u00e1ndez &#8216;pasan roncha y penumbra&#8217; por transformador da\u00f1ado"},"content":{"rendered":"\n<p><strong>ENTRE TORMENTAS. <\/strong>Tras padecer por aproximadamente cuatro meses sin electricidad a consecuencia de la explosi\u00f3n de un transformador que surte a un gran n\u00famero de familias, est\u00e1n \u2018pasando roncha\u2019 en el barrio Dalia de Fern\u00e1ndez, municipio San Francisco, entre zancudos, calor y penumbra y sin obtener respuesta alguna por parte de Corpoelec.<\/p>\n\n\n\n<p>Los vecinos de Dalia de Fern\u00e1ndez relataron que cuando se suscit\u00f3 la primera aver\u00eda con el transformador, \u00e9ste fue sustituido y no dur\u00f3 un mes, explot\u00f3 y de nuevo los vecinos quedaron a oscuras y padeciendo un verdadero matirio.<\/p>\n\n\n\n<p>\u00abSon cuatro meses ya que llevamos esperando que nos sustituyan el transformador; aqu\u00ed no podemos vivir as\u00ed, no podemos comprar comida para refrigerar, porque se nos da\u00f1a, tomamos agua caliente, los zancudos nos devoran de noche, el calor no se soporta; aqu\u00ed hay personas mayores, hipertensos, ni\u00f1os peque\u00f1os, esto es inhumano, porque, son cuatro meses y nadie nos da respuesta\u00bb.<\/p>\n\n\n\n<figure class=\"wp-block-image size-large\"><img fetchpriority=\"high\" decoding=\"async\" width=\"1024\" height=\"518\" src=\"https:\/\/entretormentas.com\/wp-content\/uploads\/2024\/12\/image-53-1024x518.png\" alt=\"\" class=\"wp-image-10883\" srcset=\"https:\/\/entretormentas.com\/wp-content\/uploads\/2024\/12\/image-53-1024x518.png 1024w, https:\/\/entretormentas.com\/wp-content\/uploads\/2024\/12\/image-53-300x152.png 300w, https:\/\/entretormentas.com\/wp-content\/uploads\/2024\/12\/image-53-768x388.png 768w, https:\/\/entretormentas.com\/wp-content\/uploads\/2024\/12\/image-53.png 1280w\" sizes=\"(max-width: 1024px) 100vw, 1024px\" \/><\/figure>\n\n\n\n<p>La denuncia la realiz\u00f3 una de las afectadas, la vecina Marisol San Mart\u00edn G\u00f3mez. Igualmente, su vecino y tambi\u00e9n afectado, Ibum Arismendy, agreg\u00f3 que \u00abCorpoelec vino y nos dijeron que hab\u00edan aprobado los recursos para enviarnos el nuevo transformador, pero ahora no aparece nadie y seguimos igual\u00bb.<\/p>\n\n\n\n<p>La se\u00f1ora Gladys Urdaneta mostr\u00f3 sus \u2018ronchas\u2019 en la piel \u00abNo sopotamos el calor, los zancudos, es un calvario, un sufrimiento que nos tienen pasando aqu\u00ed y no nos ofrecen soluci\u00f3n, sobre todo los adultos mayores somos los que m\u00e1s sufrimos, por caridad, resuelvan esta crisis que tenemos aqu\u00ed desde hace cuatro meses\u00bb.<\/p>\n\n\n\n<p>El transformador pertenece al posta K22G07 del barrio Dalia de Fern\u00e1ndez, sus habitantes est\u00e1n desesperados y exigen pronta soluci\u00f3n.<br><strong><em>ET \/ Nota de Prensa<\/em><\/strong><\/p>\n","protected":false},"excerpt":{"rendered":"<p>ENTRE TORMENTAS. Tras padecer por aproximadamente cuatro meses sin electricidad a consecuencia de la explosi\u00f3n&#8230;<\/p>\n","protected":false},"author":2,"featured_media":10882,"comment_status":"closed","ping_status":"open","sticky":false,"template":"","format":"standard","meta":{"footnotes":""},"categories":[57,1],"tags":[],"class_list":["post-10881","post","type-post","status-publish","format-standard","has-post-thumbnail","hentry","category-actualidad","category-regionales"],"_links":{"self":[{"href":"https:\/\/entretormentas.com\/index.php?rest_route=\/wp\/v2\/posts\/10881","targetHints":{"allow":["GET"]}}],"collection":[{"href":"https:\/\/entretormentas.com\/index.php?rest_route=\/wp\/v2\/posts"}],"about":[{"href":"https:\/\/entretormentas.com\/index.php?rest_route=\/wp\/v2\/types\/post"}],"author":[{"embeddable":true,"href":"https:\/\/entretormentas.com\/index.php?rest_route=\/wp\/v2\/users\/2"}],"replies":[{"embeddable":true,"href":"https:\/\/entretormentas.com\/index.php?rest_route=%2Fwp%2Fv2%2Fcomments&post=10881"}],"version-history":[{"count":1,"href":"https:\/\/entretormentas.com\/index.php?rest_route=\/wp\/v2\/posts\/10881\/revisions"}],"predecessor-version":[{"id":10884,"href":"https:\/\/entretormentas.com\/index.php?rest_route=\/wp\/v2\/posts\/10881\/revisions\/10884"}],"wp:featuredmedia":[{"embeddable":true,"href":"https:\/\/entretormentas.com\/index.php?rest_route=\/wp\/v2\/media\/10882"}],"wp:attachment":[{"href":"https:\/\/entretormentas.com\/index.php?rest_route=%2Fwp%2Fv2%2Fmedia&parent=10881"}],"wp:term":[{"taxonomy":"category","embeddable":true,"href":"https:\/\/entretormentas.com\/index.php?rest_route=%2Fwp%2Fv2%2Fcategories&post=10881"},{"taxonomy":"post_tag","embeddable":true,"href":"https:\/\/entretormentas.com\/index.php?rest_route=%2Fwp%2Fv2%2Ftags&post=10881"}],"curies":[{"name":"wp","href":"https:\/\/api.w.org\/{rel}","templated":true}]}}