{"id":10901,"date":"2024-12-04T09:29:39","date_gmt":"2024-12-04T08:29:39","guid":{"rendered":"https:\/\/entretormentas.com\/?p=10901"},"modified":"2024-12-04T09:29:39","modified_gmt":"2024-12-04T08:29:39","slug":"respuesta-oficial-canciller-de-venezuela-califica-de-desacertadas-las-declaraciones-del-fiscal-de-la-cpi","status":"publish","type":"post","link":"https:\/\/entretormentas.com\/respuesta-oficial-canciller-de-venezuela-califica-de-desacertadas-las-declaraciones-del-fiscal-de-la-cpi\/","title":{"rendered":"\u00a1RESPUESTA OFICIAL! Canciller de Venezuela califica de desacertadas las declaraciones del fiscal de la CPI"},"content":{"rendered":"\n<p><strong>ENTRE TORMENTAS. <\/strong>El gobierno de Venezuela se pronunci\u00f3 este martes por las recientes declaraciones del fiscal de la Corte Penal Internacional (CPI), Karim Ahmad Khan.<\/p>\n\n\n\n<p>A trav\u00e9s de un comunicado publicado en la cuenta en Instagram del canciller de Venezuela, el gobierno rechaz\u00f3 las afirmaciones sobre la situaci\u00f3n nacional efectuadas por el fiscal de la CPI presentado en la vig\u00e9sima tercera sesi\u00f3n de la Asamblea de Estados Partes del Estatuto de Roma de la CPI.<\/p>\n\n\n\n<figure class=\"wp-block-image size-full\"><img fetchpriority=\"high\" decoding=\"async\" width=\"768\" height=\"959\" src=\"https:\/\/entretormentas.com\/wp-content\/uploads\/2024\/12\/image-63.png\" alt=\"\" class=\"wp-image-10903\" srcset=\"https:\/\/entretormentas.com\/wp-content\/uploads\/2024\/12\/image-63.png 768w, https:\/\/entretormentas.com\/wp-content\/uploads\/2024\/12\/image-63-240x300.png 240w\" sizes=\"(max-width: 768px) 100vw, 768px\" \/><\/figure>\n\n\n\n<p>En el texto, el Gobierno venezolano destac\u00f3 que inform\u00f3 ampliamente ante la Fiscal\u00eda de la CPI de todas las medidas adoptadas en el orden interno, con el objetivo de avanzar en el cumplimiento de los compromisos establecidos con el Estatuto de Roma, as\u00ed como con los alcanzados en los dos memorandos de entendimientos suscritos con la Fiscal\u00eda.<\/p>\n\n\n\n<figure class=\"wp-block-image size-full\"><img decoding=\"async\" width=\"768\" height=\"960\" src=\"https:\/\/entretormentas.com\/wp-content\/uploads\/2024\/12\/image-62.png\" alt=\"\" class=\"wp-image-10902\" srcset=\"https:\/\/entretormentas.com\/wp-content\/uploads\/2024\/12\/image-62.png 768w, https:\/\/entretormentas.com\/wp-content\/uploads\/2024\/12\/image-62-240x300.png 240w\" sizes=\"(max-width: 768px) 100vw, 768px\" \/><\/figure>\n\n\n\n<p>\u201cVenezuela considera preocupante que el fiscal no haya sido puesto al tanto de estos avances y el punto exacto en que se encuentran los asuntos abordados en sus desacertadas declaraciones, incluyendo la reactivaci\u00f3n de la presencia de la Oficina de Alto Comisionado de las Naciones Unidas para los Derechos Humanos en el territorio venezolano, concretada en el mes de noviembre del corriente a\u00f1o\u201d, cit\u00f3 el comunicado.<\/p>\n\n\n\n<p>Del mismo modo, el Gobierno nacional lament\u00f3 que Karim Khan, se deje llevar por las informaciones de campa\u00f1as p\u00fablicas surgidas en las redes sociales promovidas por la extrema oposici\u00f3n venezolana, el sionismo y las potencias occidentales que pretenden aplicar el colonialismo contra el pa\u00eds.<br><strong><em>ET \/ Agencias<\/em><\/strong><\/p>\n","protected":false},"excerpt":{"rendered":"<p>ENTRE TORMENTAS. El gobierno de Venezuela se pronunci\u00f3 este martes por las recientes declaraciones del&#8230;<\/p>\n","protected":false},"author":2,"featured_media":10904,"comment_status":"closed","ping_status":"open","sticky":false,"template":"","format":"standard","meta":{"footnotes":""},"categories":[56,49],"tags":[],"class_list":["post-10901","post","type-post","status-publish","format-standard","has-post-thumbnail","hentry","category-destacadas","category-nacionales"],"_links":{"self":[{"href":"https:\/\/entretormentas.com\/index.php?rest_route=\/wp\/v2\/posts\/10901","targetHints":{"allow":["GET"]}}],"collection":[{"href":"https:\/\/entretormentas.com\/index.php?rest_route=\/wp\/v2\/posts"}],"about":[{"href":"https:\/\/entretormentas.com\/index.php?rest_route=\/wp\/v2\/types\/post"}],"author":[{"embeddable":true,"href":"https:\/\/entretormentas.com\/index.php?rest_route=\/wp\/v2\/users\/2"}],"replies":[{"embeddable":true,"href":"https:\/\/entretormentas.com\/index.php?rest_route=%2Fwp%2Fv2%2Fcomments&post=10901"}],"version-history":[{"count":1,"href":"https:\/\/entretormentas.com\/index.php?rest_route=\/wp\/v2\/posts\/10901\/revisions"}],"predecessor-version":[{"id":10905,"href":"https:\/\/entretormentas.com\/index.php?rest_route=\/wp\/v2\/posts\/10901\/revisions\/10905"}],"wp:featuredmedia":[{"embeddable":true,"href":"https:\/\/entretormentas.com\/index.php?rest_route=\/wp\/v2\/media\/10904"}],"wp:attachment":[{"href":"https:\/\/entretormentas.com\/index.php?rest_route=%2Fwp%2Fv2%2Fmedia&parent=10901"}],"wp:term":[{"taxonomy":"category","embeddable":true,"href":"https:\/\/entretormentas.com\/index.php?rest_route=%2Fwp%2Fv2%2Fcategories&post=10901"},{"taxonomy":"post_tag","embeddable":true,"href":"https:\/\/entretormentas.com\/index.php?rest_route=%2Fwp%2Fv2%2Ftags&post=10901"}],"curies":[{"name":"wp","href":"https:\/\/api.w.org\/{rel}","templated":true}]}}