{"id":10917,"date":"2024-12-04T09:40:19","date_gmt":"2024-12-04T08:40:19","guid":{"rendered":"https:\/\/entretormentas.com\/?p=10917"},"modified":"2024-12-04T09:40:19","modified_gmt":"2024-12-04T08:40:19","slug":"petro-los-venezolanos-ya-no-saben-si-su-pais-es-una-democracia-ya-no-saben-si-es-revolucion-ya-el-pueblo-no-los-quiere","status":"publish","type":"post","link":"https:\/\/entretormentas.com\/petro-los-venezolanos-ya-no-saben-si-su-pais-es-una-democracia-ya-no-saben-si-es-revolucion-ya-el-pueblo-no-los-quiere\/","title":{"rendered":"PETRO: \u00abLos venezolanos ya no saben si su pa\u00eds es una democracia, ya no saben si es revoluci\u00f3n; ya el pueblo no los quiere\u00bb"},"content":{"rendered":"\n<p><strong>ENTRE TORMENTAS. <\/strong>El presidente colombiano, Gustavo Petro, dijo este martes que \u00abel pueblo venezolano ya no sabe si en su pa\u00eds hay una democracia o no\u00bb, al tiempo que sugiri\u00f3 que ellos \u00abya no quieren al chavismo en el poder\u00bb.<\/p>\n\n\n\n<p>Petro se refiri\u00f3 a la situaci\u00f3n de Venezuela al intervenir en el IV Foro Abierto de Ciencias de Am\u00e9rica Latina y el Caribe (CILAC) 2024, realizado en la isla colombiana de San Andr\u00e9s, donde dijo que el fallecido presidente venezolano Hugo Ch\u00e1vez no entendi\u00f3 que hab\u00eda que hacer una transici\u00f3n del petr\u00f3leo hacia energ\u00edas limpias para enfrentar el cambio clim\u00e1tico.<\/p>\n\n\n\n<p>\u00abSe burlan del presidente que dice en Colombia, dejemos el petr\u00f3leo y el carb\u00f3n, porque es el camino de la desigualdad social y de la muerte; Ch\u00e1vez no me lo entendi\u00f3 muy bien y miren lo que le pasa a Venezuela, que ya no saben si es democracia, ya no saben si es revoluci\u00f3n, ya el pueblo no los quiere\u00bb, afirm\u00f3 Petro.<\/p>\n\n\n\n<p>Destac\u00f3, eso s\u00ed, que Ch\u00e1vez, fallecido en 2013, comprendi\u00f3 que el progreso del pueblo est\u00e1 en lograr que la tierra produzca y que para eso es fundamental la educaci\u00f3n.<\/p>\n\n\n\n<p>\u00abCh\u00e1vez no entendi\u00f3 bien el asunto, pero comprendi\u00f3 parte; hay es que producir en la tierra y en la industria y para ello hay que tener saber\u00bb.<\/p>\n\n\n\n<p>En ese sentido critic\u00f3 que en Colombia se burlan de la migraci\u00f3n de m\u00e1s de 1,5 millones de venezolanos que, seg\u00fan dijo, tienen un nivel escolar superior a los de los colombianos.<\/p>\n\n\n\n<p>\u00ab\u00bfPor qu\u00e9 tienen ellos un mejor nivel escolar? Porque ese Gobierno dedic\u00f3 el dinero del petr\u00f3leo a la universidad, al saber, a la universidad para el pueblo y no se equivoc\u00f3, en cambio aqu\u00ed cerramos las universidades, las dejamos sin presupuesto\u00bb.<\/p>\n\n\n\n<p>Las declaraciones de Petro sobre la situaci\u00f3n pol\u00edtica de Venezuela se producen luego de que el canciller colombiano, Luis Gilberto Murillo, asegurara la semana pasada que el Gobierno responder\u00e1 \u00aben su debido momento\u00bb a la invitaci\u00f3n que recibi\u00f3 el mandatario para asistir a la posesi\u00f3n de Nicol\u00e1s Maduro como presidente de Venezuela el pr\u00f3ximo 10 de enero.<br><strong><em>ET \/ EFE<\/em><\/strong><\/p>\n","protected":false},"excerpt":{"rendered":"<p>ENTRE TORMENTAS. El presidente colombiano, Gustavo Petro, dijo este martes que \u00abel pueblo venezolano ya&#8230;<\/p>\n","protected":false},"author":2,"featured_media":10918,"comment_status":"closed","ping_status":"open","sticky":false,"template":"","format":"standard","meta":{"footnotes":""},"categories":[56,48],"tags":[],"class_list":["post-10917","post","type-post","status-publish","format-standard","has-post-thumbnail","hentry","category-destacadas","category-internacionales"],"_links":{"self":[{"href":"https:\/\/entretormentas.com\/index.php?rest_route=\/wp\/v2\/posts\/10917","targetHints":{"allow":["GET"]}}],"collection":[{"href":"https:\/\/entretormentas.com\/index.php?rest_route=\/wp\/v2\/posts"}],"about":[{"href":"https:\/\/entretormentas.com\/index.php?rest_route=\/wp\/v2\/types\/post"}],"author":[{"embeddable":true,"href":"https:\/\/entretormentas.com\/index.php?rest_route=\/wp\/v2\/users\/2"}],"replies":[{"embeddable":true,"href":"https:\/\/entretormentas.com\/index.php?rest_route=%2Fwp%2Fv2%2Fcomments&post=10917"}],"version-history":[{"count":1,"href":"https:\/\/entretormentas.com\/index.php?rest_route=\/wp\/v2\/posts\/10917\/revisions"}],"predecessor-version":[{"id":10919,"href":"https:\/\/entretormentas.com\/index.php?rest_route=\/wp\/v2\/posts\/10917\/revisions\/10919"}],"wp:featuredmedia":[{"embeddable":true,"href":"https:\/\/entretormentas.com\/index.php?rest_route=\/wp\/v2\/media\/10918"}],"wp:attachment":[{"href":"https:\/\/entretormentas.com\/index.php?rest_route=%2Fwp%2Fv2%2Fmedia&parent=10917"}],"wp:term":[{"taxonomy":"category","embeddable":true,"href":"https:\/\/entretormentas.com\/index.php?rest_route=%2Fwp%2Fv2%2Fcategories&post=10917"},{"taxonomy":"post_tag","embeddable":true,"href":"https:\/\/entretormentas.com\/index.php?rest_route=%2Fwp%2Fv2%2Ftags&post=10917"}],"curies":[{"name":"wp","href":"https:\/\/api.w.org\/{rel}","templated":true}]}}