{"id":10920,"date":"2024-12-04T18:39:29","date_gmt":"2024-12-04T17:39:29","guid":{"rendered":"https:\/\/entretormentas.com\/?p=10920"},"modified":"2024-12-04T18:39:30","modified_gmt":"2024-12-04T17:39:30","slug":"cambiar-el-modelo-de-gestion-henry-ramirez-propone-un-plan-integral-para-el-manejo-de-los-desechos-en-maracaibo","status":"publish","type":"post","link":"https:\/\/entretormentas.com\/cambiar-el-modelo-de-gestion-henry-ramirez-propone-un-plan-integral-para-el-manejo-de-los-desechos-en-maracaibo\/","title":{"rendered":"\u00a1CAMBIAR EL MODELO DE GESTI\u00d3N! Henry Ram\u00edrez propone un plan integral para el manejo de los desechos en Maracaibo"},"content":{"rendered":"\n<p><strong>ENTRE TORMENTAS.<\/strong> El l\u00edder del movimiento social \u00abAvanza\u00bb, Henry Ram\u00edrez, ha reiterado la necesidad de implementar un plan integral para enfrentar la grave crisis de basura en Maracaibo. Seg\u00fan Ram\u00edrez, es imprescindible trascender los modelos convencionales y abordar todas las fases del proceso: desde la recolecci\u00f3n y el transporte hasta la disposici\u00f3n final.<\/p>\n\n\n\n<p>En una reciente entrevista, Ram\u00edrez resalt\u00f3 un aspecto clave que ha pasado desapercibido en muchas discusiones: la Ley de Gesti\u00f3n Integral de la Basura, promulgada en 2010 y reformada en 2012. \u201cEsta ley dividi\u00f3 las competencias, otorgando a las gobernaciones la responsabilidad de la disposici\u00f3n final, mientras que los municipios se encargan de la recolecci\u00f3n y el transporte. Sin embargo, el Gobierno Nacional est\u00e1 en deuda con un Plan Nacional de Manejo de Desechos que articule estas responsabilidades\u201d, explic\u00f3.<\/p>\n\n\n\n<figure class=\"wp-block-image size-full\"><img fetchpriority=\"high\" decoding=\"async\" width=\"750\" height=\"390\" src=\"https:\/\/entretormentas.com\/wp-content\/uploads\/2024\/12\/image-72.png\" alt=\"\" class=\"wp-image-10922\" srcset=\"https:\/\/entretormentas.com\/wp-content\/uploads\/2024\/12\/image-72.png 750w, https:\/\/entretormentas.com\/wp-content\/uploads\/2024\/12\/image-72-300x156.png 300w\" sizes=\"(max-width: 750px) 100vw, 750px\" \/><\/figure>\n\n\n\n<p><strong>VISI\u00d3N INTEGRAL Y COLABORATIVA<\/strong><br>Ram\u00edrez subraya que la soluci\u00f3n a la problem\u00e1tica de los desechos no puede recaer \u00fanicamente en una empresa privada o en esfuerzos aislados de los municipios. \u201cLa gesti\u00f3n de desechos debe ser integral y requiere la coordinaci\u00f3n entre todos los niveles de gobierno. Esto incluye el dise\u00f1o y ejecuci\u00f3n de planes nacionales, regionales y municipales que den respuesta no solo al problema de la basura dom\u00e9stica y comercial, sino tambi\u00e9n a los desechos peligrosos, hospitalarios, t\u00f3xicos y electr\u00f3nicos\u201d, enfatiz\u00f3.<\/p>\n\n\n\n<p><strong>M\u00e1s all\u00e1 de la recolecci\u00f3n<\/strong><br>\u201cEs hora de entender que el manejo de desechos no se trata \u00fanicamente de recoger la basura\u201d, dijo Ram\u00edrez. \u201cDebemos pensar en c\u00f3mo transportarla eficientemente y, sobre todo, en la disposici\u00f3n final. Esto implica plantear qu\u00e9 hacer con residuos que generan contaminaci\u00f3n, como los electr\u00f3nicos, que est\u00e1n creciendo exponencialmente, o los hospitalarios, que pueden ser altamente nocivos si no se manejan adecuadamente\u201d.<\/p>\n\n\n\n<p>Ram\u00edrez tambi\u00e9n destac\u00f3 que el \u00e9xito de un plan integral depende de la incorporaci\u00f3n de avances tecnol\u00f3gicos y de un cambio cultural en la ciudadan\u00eda. \u201cHay pa\u00edses donde la basura se convierte en energ\u00eda o en insumos reutilizables gracias a plantas incineradoras y recicladoras avanzadas. Pero estas soluciones deben ir de la mano con campa\u00f1as de educaci\u00f3n para crear conciencia sobre el reciclaje y la correcta clasificaci\u00f3n de residuos desde el hogar\u201d.<\/p>\n\n\n\n<p><strong>Inspir\u00e1ndose en modelos exitosos de ciudades como Bogot\u00e1, Medell\u00edn y varias urbes europeas, Ram\u00edrez propone la implementaci\u00f3n de un plan integral basado en:<\/strong><\/p>\n\n\n\n<p>-Centros de recolecci\u00f3n selectiva: Espacios cerrados en las comunidades donde los ciudadanos depositen su basura clasificada.<br>-Plantas recicladoras e incineradoras modernas: Que permitan procesar materiales reutilizables y eliminar residuos org\u00e1nicos de manera eficiente y sin emisiones t\u00f3xicas.<br>-Educaci\u00f3n ciudadana: Una campa\u00f1a sostenida para ense\u00f1ar a clasificar la basura y promover una cultura ambiental responsable.<br>-Manejo de desechos especiales: Crear estrategias espec\u00edficas para residuos hospitalarios, electr\u00f3nicos y t\u00f3xicos.<\/p>\n\n\n\n<p><strong>NUEVO MODELO DE GESTI\u00d3N<\/strong><br>Como ya se dijo, Henry Ram\u00edrez viene estudiando y asesor\u00e1ndose sobre el tema del servicio de recolecci\u00f3n de desechos s\u00f3lidos. En esa trayectoria, el l\u00edder social ha recogido ideas fundamentadas en experiencias exitosas, para lo cual plantea un proyecto viable, sostenible, realizable e imperecedero.<\/p>\n\n\n\n<p>\u201cPropusimos \u2013la propuesta est\u00e1 all\u00ed- conformar cuatro cuadrantes, dividir a la ciudad en cuatro cuadrantes y en cada uno de ellos colocar una planta recicladora y una planta incineradora para tener dos sistemas en paralelo que funcionen de la mano; uno con el uso de camiones compactadores, que es el que hemos tenido hist\u00f3ricamente, pero a la par otro con camiones de carga que ser\u00edan destinados a recolectar todo aquel material inorg\u00e1nico: vidrio, madera, pl\u00e1stico, cart\u00f3n, tela, para llevarlos a las plantas recicladoras, \u00e9stas lo procesan y luego esa materia se vende para reinvertir\u201d.<\/p>\n\n\n\n<p>Ram\u00edrez remarca que para que esta iniciativa tenga acogida y viabilidad hay que convocar a todos los recicladores de la ciudad \u2013que los hay- a todos los empresarios interesados en el tema del reciclaje y con ellos coordinar planes que alimenten este proceso, entre los cuales est\u00e1 la campa\u00f1a intensa de educaci\u00f3n, de cultura del desecho, de reciclaje para ense\u00f1ar a la poblaci\u00f3n a clasificar la basura desde el hogar, a que la gente se vaya identificando e involucrando con esta nueva visi\u00f3n de un servicio p\u00fablico del cual sea tambi\u00e9n part\u00edcipe activo.<\/p>\n\n\n\n<p>\u201cLa idea es ir hacia una recolecci\u00f3n selectiva, haciendo uso de tres pipotes, con tres colores identificativos de cada tipo de desecho y que eso sea de dominio p\u00fablico, mientras que para lo que no es reciclable, entonces se tienen los compactadores que llevar\u00e1n todo aquello a las plantas incineradoras y all\u00ed se hace otro proceso. Estas son plantas que muchas de ellas ya han superado el tema de las emisiones de gases al ambiente, estas plantas existen y, yo creo que con un esfuerzo y con una articulaci\u00f3n es factible adquirirlas, para eso no necesitas comerte el presupuesto\u201d.<\/p>\n\n\n\n<p><strong>AS\u00cd SER\u00cdA EL PROCESO:<\/strong><br>Cuatro cuadrantes cada uno con sus plantas recicladoras e incineradoras, cada uno con su n\u00famero de camiones compactadores y de carga y cada uno con puntos clave de recolecci\u00f3n o centros de recolecci\u00f3n \u201ccerrados\u201d tipo galpones o tipo cuarto de condominio, donde la gente acude con su basura, la deposita en esos espacios y el cami\u00f3n acude hasta esos centros a recoger la basura y luego la distribuye a cada planta seg\u00fan sea el caso.<\/p>\n\n\n\n<figure class=\"wp-block-image size-full\"><img decoding=\"async\" width=\"750\" height=\"390\" src=\"https:\/\/entretormentas.com\/wp-content\/uploads\/2024\/12\/image-73.png\" alt=\"\" class=\"wp-image-10923\" srcset=\"https:\/\/entretormentas.com\/wp-content\/uploads\/2024\/12\/image-73.png 750w, https:\/\/entretormentas.com\/wp-content\/uploads\/2024\/12\/image-73-300x156.png 300w\" sizes=\"(max-width: 750px) 100vw, 750px\" \/><\/figure>\n\n\n\n<p><strong>Camiones de carga para los desechos inorg\u00e1nicos<\/strong><\/p>\n\n\n\n<figure class=\"wp-block-image size-full\"><img decoding=\"async\" width=\"750\" height=\"390\" src=\"https:\/\/entretormentas.com\/wp-content\/uploads\/2024\/12\/image-74.png\" alt=\"\" class=\"wp-image-10924\" srcset=\"https:\/\/entretormentas.com\/wp-content\/uploads\/2024\/12\/image-74.png 750w, https:\/\/entretormentas.com\/wp-content\/uploads\/2024\/12\/image-74-300x156.png 300w\" sizes=\"(max-width: 750px) 100vw, 750px\" \/><\/figure>\n\n\n\n<p><strong>Unidades compactadoras para desechos org\u00e1nicos<\/strong><\/p>\n\n\n\n<figure class=\"wp-block-image size-full\"><img loading=\"lazy\" decoding=\"async\" width=\"750\" height=\"390\" src=\"https:\/\/entretormentas.com\/wp-content\/uploads\/2024\/12\/image-75.png\" alt=\"\" class=\"wp-image-10925\" srcset=\"https:\/\/entretormentas.com\/wp-content\/uploads\/2024\/12\/image-75.png 750w, https:\/\/entretormentas.com\/wp-content\/uploads\/2024\/12\/image-75-300x156.png 300w\" sizes=\"(max-width: 750px) 100vw, 750px\" \/><\/figure>\n\n\n\n<p>1.- Una planta recicladora que tratar\u00e1 la basura inorg\u00e1nica que debe ser reclasificada para el reciclaje: Madera, vidrio, pl\u00e1stico, goma, tela, hierro, aluminio, cart\u00f3n, etc y tambi\u00e9n algunos org\u00e1nicos para realizar compostaje.<\/p>\n\n\n\n<figure class=\"wp-block-image size-full\"><img loading=\"lazy\" decoding=\"async\" width=\"750\" height=\"390\" src=\"https:\/\/entretormentas.com\/wp-content\/uploads\/2024\/12\/image-76.png\" alt=\"\" class=\"wp-image-10926\" srcset=\"https:\/\/entretormentas.com\/wp-content\/uploads\/2024\/12\/image-76.png 750w, https:\/\/entretormentas.com\/wp-content\/uploads\/2024\/12\/image-76-300x156.png 300w\" sizes=\"(max-width: 750px) 100vw, 750px\" \/><\/figure>\n\n\n\n<ol start=\"2\" class=\"wp-block-list\">\n<li>Una planta incineradora sin emisiones t\u00f3xicas al ambiente donde el cami\u00f3n compactador llevar\u00e1 la basura org\u00e1nica: Restos de comida y afines para su incineraci\u00f3n.<\/li>\n<\/ol>\n\n\n\n<figure class=\"wp-block-image size-full\"><img loading=\"lazy\" decoding=\"async\" width=\"464\" height=\"307\" src=\"https:\/\/entretormentas.com\/wp-content\/uploads\/2024\/12\/image-77.png\" alt=\"\" class=\"wp-image-10927\" srcset=\"https:\/\/entretormentas.com\/wp-content\/uploads\/2024\/12\/image-77.png 464w, https:\/\/entretormentas.com\/wp-content\/uploads\/2024\/12\/image-77-300x198.png 300w\" sizes=\"(max-width: 464px) 100vw, 464px\" \/><\/figure>\n\n\n\n<p>3.- Cada comunidad est\u00e1 asociada a un cuadrante, cada cuadrante tiene un centro de recolecci\u00f3n donde se depositar\u00e1 la basura previamente clasificada: lo que es org\u00e1nico en un espacio, lo que es inorg\u00e1nico en otro y todo lo dem\u00e1s queda a ley de los camiones para cada recolecci\u00f3n. Esos centros de recolecci\u00f3n ser\u00e1n dispuestos con sus respectivos contenedores a tantos metros como grande sea la comunidad, a objeto de garantizar la m\u00ednima movilidad al vecino e igualmente aplica para el empresario, para el productor, para el comerciante.<\/p>\n\n\n\n<figure class=\"wp-block-image size-full\"><img loading=\"lazy\" decoding=\"async\" width=\"750\" height=\"356\" src=\"https:\/\/entretormentas.com\/wp-content\/uploads\/2024\/12\/image-78.png\" alt=\"\" class=\"wp-image-10928\" srcset=\"https:\/\/entretormentas.com\/wp-content\/uploads\/2024\/12\/image-78.png 750w, https:\/\/entretormentas.com\/wp-content\/uploads\/2024\/12\/image-78-300x142.png 300w\" sizes=\"(max-width: 750px) 100vw, 750px\" \/><\/figure>\n\n\n\n<p><strong>UN LLAMADO AL DEBATE<\/strong><br>El l\u00edder de \u00abAvanza\u00bb insta a abrir un debate amplio que convoque a expertos, empresas, ciudadanos y autoridades de todos los niveles de gobierno para abrir la posibilidad de aplicar un plan integral para el manejo de los desechos en todas sus fases y todas sus etapas.<br><strong><em>ET \/ NAM<\/em><\/strong><\/p>\n\n\n\n<p><\/p>\n","protected":false},"excerpt":{"rendered":"<p>ENTRE TORMENTAS. El l\u00edder del movimiento social \u00abAvanza\u00bb, Henry Ram\u00edrez, ha reiterado la necesidad de&#8230;<\/p>\n","protected":false},"author":2,"featured_media":10921,"comment_status":"closed","ping_status":"open","sticky":false,"template":"","format":"standard","meta":{"footnotes":""},"categories":[57,1],"tags":[],"class_list":["post-10920","post","type-post","status-publish","format-standard","has-post-thumbnail","hentry","category-actualidad","category-regionales"],"_links":{"self":[{"href":"https:\/\/entretormentas.com\/index.php?rest_route=\/wp\/v2\/posts\/10920","targetHints":{"allow":["GET"]}}],"collection":[{"href":"https:\/\/entretormentas.com\/index.php?rest_route=\/wp\/v2\/posts"}],"about":[{"href":"https:\/\/entretormentas.com\/index.php?rest_route=\/wp\/v2\/types\/post"}],"author":[{"embeddable":true,"href":"https:\/\/entretormentas.com\/index.php?rest_route=\/wp\/v2\/users\/2"}],"replies":[{"embeddable":true,"href":"https:\/\/entretormentas.com\/index.php?rest_route=%2Fwp%2Fv2%2Fcomments&post=10920"}],"version-history":[{"count":1,"href":"https:\/\/entretormentas.com\/index.php?rest_route=\/wp\/v2\/posts\/10920\/revisions"}],"predecessor-version":[{"id":10929,"href":"https:\/\/entretormentas.com\/index.php?rest_route=\/wp\/v2\/posts\/10920\/revisions\/10929"}],"wp:featuredmedia":[{"embeddable":true,"href":"https:\/\/entretormentas.com\/index.php?rest_route=\/wp\/v2\/media\/10921"}],"wp:attachment":[{"href":"https:\/\/entretormentas.com\/index.php?rest_route=%2Fwp%2Fv2%2Fmedia&parent=10920"}],"wp:term":[{"taxonomy":"category","embeddable":true,"href":"https:\/\/entretormentas.com\/index.php?rest_route=%2Fwp%2Fv2%2Fcategories&post=10920"},{"taxonomy":"post_tag","embeddable":true,"href":"https:\/\/entretormentas.com\/index.php?rest_route=%2Fwp%2Fv2%2Ftags&post=10920"}],"curies":[{"name":"wp","href":"https:\/\/api.w.org\/{rel}","templated":true}]}}