{"id":1093,"date":"2024-04-13T11:37:58","date_gmt":"2024-04-13T09:37:58","guid":{"rendered":"https:\/\/entretormentas.com\/?p=1093"},"modified":"2024-04-13T11:37:59","modified_gmt":"2024-04-13T09:37:59","slug":"por-una-lesion-yulimar-rojas-queda-fuera-de-los-juegos-olimpicos","status":"publish","type":"post","link":"https:\/\/entretormentas.com\/por-una-lesion-yulimar-rojas-queda-fuera-de-los-juegos-olimpicos\/","title":{"rendered":"\u00a1POR UNA LESI\u00d3N! Yulimar Rojas queda fuera de los Juegos Ol\u00edmpicos"},"content":{"rendered":"\n<p><strong>ENTRE TORMENTAS.<\/strong> La atleta venezolana y medallista de oro en Salto Triple, Yulimar Rojas, inform\u00f3 que no participar\u00e1 en los Juegos Ol\u00edmpicos de Par\u00eds 2024, luego de sufrir una lesi\u00f3n en el tend\u00f3n de aquiles izquierdo durante un entrenamiento.<\/p>\n\n\n\n<p>\u00abHan sido horas muy complejas, en las que me he cuestionado y analizado el porqu\u00e9 sucedi\u00f3 esto. Sin embargo, entiendo que, en los designios de Dios, nosotros solo somos instrumentos de su voluntad. Hoy me siento afectada emocionalmente por no poder representarlos. El deseo de defender mi t\u00edtulo ol\u00edmpico me entusiasmaba enormemente pero hoy me toca parar. Entender esto, recuperarme y volver con mucha fuerza para continuar volando juntos\u00bb, dijo la atleta.<\/p>\n\n\n\n<figure class=\"wp-block-image size-full\"><img fetchpriority=\"high\" decoding=\"async\" width=\"828\" height=\"552\" src=\"https:\/\/entretormentas.com\/wp-content\/uploads\/2024\/04\/yuli2.jpg\" alt=\"\" class=\"wp-image-1094\" srcset=\"https:\/\/entretormentas.com\/wp-content\/uploads\/2024\/04\/yuli2.jpg 828w, https:\/\/entretormentas.com\/wp-content\/uploads\/2024\/04\/yuli2-300x200.jpg 300w, https:\/\/entretormentas.com\/wp-content\/uploads\/2024\/04\/yuli2-768x512.jpg 768w\" sizes=\"(max-width: 828px) 100vw, 828px\" \/><\/figure>\n\n\n\n<p>Rojas, por medio de un comunicado publicado este viernes 12 de abril, detall\u00f3 que la lesi\u00f3n ocurri\u00f3 la recepci\u00f3n de un salto cuando sufri\u00f3 \u00abun dolor intenso\u00bb, que la llev\u00f3 al quir\u00f3fano el jueves 11.<\/p>\n\n\n\n<p>Indic\u00f3 que actualmente se encuentra en recuperaci\u00f3n en la cl\u00ednica Cemtro en Madrid tras su intevenci\u00f3n quir\u00fargica, liderada por el especialista en Traumatolog\u00eda y Cirug\u00eda, Dr. Pedro Guill\u00e9n, junto al doctor Tom\u00e1s Fern\u00e1ndez.<\/p>\n\n\n\n<p>Agradeci\u00f3 el apoyo recibido por su familia y el equipo que trabaja con ella, as\u00ed como tambi\u00e9n a las instituciones deportivas de Venezuela por el respaldo. Adem\u00e1s, dese\u00f3 \u00e9xito a la delegaci\u00f3n que ir\u00e1 a Par\u00eds y a sus compa\u00f1eras de pista, para que \u00abden el m\u00e1ximo por alcanzar tambi\u00e9n la gloria\u00bb.<\/p>\n\n\n\n<p>En julio de 2023, la venezolana Yulimar Rojas consigui\u00f3 su clasificaci\u00f3n a los Juegos Ol\u00edmpicos de Par\u00eds 2024 tras poner la mejor marca de ese a\u00f1o para el salto triple femenino, con 15,16 metros. El registro no solamente fue el mejor del a\u00f1o, tambi\u00e9n represent\u00f3 un r\u00e9cord en los Juegos Centroamericanos y del Caribe, y correspondi\u00f3 a la medalla de oro que le faltaba, record\u00f3 CNN.<br><strong><em>GS \/ Tal Cual<\/em><\/strong><\/p>\n","protected":false},"excerpt":{"rendered":"<p>ENTRE TORMENTAS. La atleta venezolana y medallista de oro en Salto Triple, Yulimar Rojas, inform\u00f3&#8230;<\/p>\n","protected":false},"author":2,"featured_media":1095,"comment_status":"closed","ping_status":"open","sticky":false,"template":"","format":"standard","meta":{"footnotes":""},"categories":[53,56],"tags":[],"class_list":["post-1093","post","type-post","status-publish","format-standard","has-post-thumbnail","hentry","category-deportes","category-destacadas"],"_links":{"self":[{"href":"https:\/\/entretormentas.com\/index.php?rest_route=\/wp\/v2\/posts\/1093","targetHints":{"allow":["GET"]}}],"collection":[{"href":"https:\/\/entretormentas.com\/index.php?rest_route=\/wp\/v2\/posts"}],"about":[{"href":"https:\/\/entretormentas.com\/index.php?rest_route=\/wp\/v2\/types\/post"}],"author":[{"embeddable":true,"href":"https:\/\/entretormentas.com\/index.php?rest_route=\/wp\/v2\/users\/2"}],"replies":[{"embeddable":true,"href":"https:\/\/entretormentas.com\/index.php?rest_route=%2Fwp%2Fv2%2Fcomments&post=1093"}],"version-history":[{"count":1,"href":"https:\/\/entretormentas.com\/index.php?rest_route=\/wp\/v2\/posts\/1093\/revisions"}],"predecessor-version":[{"id":1096,"href":"https:\/\/entretormentas.com\/index.php?rest_route=\/wp\/v2\/posts\/1093\/revisions\/1096"}],"wp:featuredmedia":[{"embeddable":true,"href":"https:\/\/entretormentas.com\/index.php?rest_route=\/wp\/v2\/media\/1095"}],"wp:attachment":[{"href":"https:\/\/entretormentas.com\/index.php?rest_route=%2Fwp%2Fv2%2Fmedia&parent=1093"}],"wp:term":[{"taxonomy":"category","embeddable":true,"href":"https:\/\/entretormentas.com\/index.php?rest_route=%2Fwp%2Fv2%2Fcategories&post=1093"},{"taxonomy":"post_tag","embeddable":true,"href":"https:\/\/entretormentas.com\/index.php?rest_route=%2Fwp%2Fv2%2Ftags&post=1093"}],"curies":[{"name":"wp","href":"https:\/\/api.w.org\/{rel}","templated":true}]}}