{"id":10930,"date":"2024-12-05T08:59:30","date_gmt":"2024-12-05T07:59:30","guid":{"rendered":"https:\/\/entretormentas.com\/?p=10930"},"modified":"2024-12-05T08:59:31","modified_gmt":"2024-12-05T07:59:31","slug":"mancomunados-gobernacion-y-alcaldia-de-san-francisco-continuan-plan-para-combatir-el-dengue","status":"publish","type":"post","link":"https:\/\/entretormentas.com\/mancomunados-gobernacion-y-alcaldia-de-san-francisco-continuan-plan-para-combatir-el-dengue\/","title":{"rendered":"\u00a1MANCOMUNADOS! Gobernaci\u00f3n y Alcald\u00eda de San Francisco contin\u00faan plan para combatir el dengue"},"content":{"rendered":"\n<p><strong>ENTRE TORMENTAS.<\/strong> En un trabajo conjunto para la prevenci\u00f3n y control del dengue, la Gobernaci\u00f3n del Zulia, con la direcci\u00f3n de Saneamiento Ambiental del Instituto P\u00fablico Municipal de Ambiente y Aseo Urbano (Imasur) de la Alcald\u00eda de San Francisco, atendieron a 100 casas de la parroquia San Francisco a trav\u00e9s de la fumigaci\u00f3n y abatizaci\u00f3n.<\/p>\n\n\n\n<p>D\u00e1ndole continuidad a estos trabajos y despu\u00e9s del hallazgo de casos de dengue cl\u00e1sico, se realiz\u00f3 un trabajo en conjunto que consisti\u00f3 en una jornada en el barrio San Ram\u00f3n, sector Santa In\u00e9s y Villa Nazaret, espec\u00edficamente frente al Hospital Materno, as\u00ed lo refiri\u00f3 la coordinadora de prevenci\u00f3n y protecci\u00f3n ambiental de Imasur, Katherine Guanipa.<\/p>\n\n\n\n<p>\u201cCumpliendo las palabras de nuestros l\u00edderes Manuel Rosales y el alcalde Gustavo Fern\u00e1ndez, nos mantenemos brindando bienestar, ya que en estos sectores de la parroquia San Francisco se han presentado cinco casos de dengue, por lo cual hemos realizado esta jornada para el control de los zancudos y mosquitos propagadores de la enfermedad\u201d, expres\u00f3 Guanipa.<\/p>\n\n\n\n<p>Los habitantes comentaron su respaldo a estas actividades, ya que las lluvias han tra\u00eddo consigo muchas plagas como moscas y, sobre todo, los zancudos patas blancas. Por lo cual la fumigaci\u00f3n reduce el riesgo de contagio, as\u00ed lo detall\u00f3 Glendith Salas, habitante de Villa Nazaret y mam\u00e1 de una ni\u00f1a afectada por el dengue.<\/p>\n\n\n\n<figure class=\"wp-block-image size-large\"><img fetchpriority=\"high\" decoding=\"async\" width=\"768\" height=\"1024\" src=\"https:\/\/entretormentas.com\/wp-content\/uploads\/2024\/12\/image-80-768x1024.png\" alt=\"\" class=\"wp-image-10932\" srcset=\"https:\/\/entretormentas.com\/wp-content\/uploads\/2024\/12\/image-80-768x1024.png 768w, https:\/\/entretormentas.com\/wp-content\/uploads\/2024\/12\/image-80-225x300.png 225w, https:\/\/entretormentas.com\/wp-content\/uploads\/2024\/12\/image-80.png 810w\" sizes=\"(max-width: 768px) 100vw, 768px\" \/><\/figure>\n\n\n\n<p>\u201cAgradezco al gobernador y al alcalde por estas jornadas. Mi casa estaba infestada de mosquitos, moscas y zancudos. No pod\u00edamos estar en la sala porque nos com\u00edan los zancudos, y cuando se iba la luz era peor. Tanto que mi ni\u00f1a se enferm\u00f3 de dengue cl\u00e1sico y esto es muy preocupante porque tambi\u00e9n tengo un beb\u00e9 de meses. Esto es muy beneficioso para las comunidades, ya que hay muchos ni\u00f1os y adultos mayores\u201d, coment\u00f3 Salas.<\/p>\n\n\n\n<p><strong>SIN CRIADEROS NO HAY MOSQUITOS<\/strong><br>Las medidas preventivas se han extendido a escuelas del municipio, siendo atendidas por el programa nacional de prevenci\u00f3n del dengue. Los equipos de la gobernaci\u00f3n, de la direcci\u00f3n de salud ambiental y de la direcci\u00f3n de saneamiento ambiental de Imasur en la \u00faltima jornada atendieron una matr\u00edcula de tres mil 193 alumnos de los diferentes centros escolares de las parroquias Marcial Hern\u00e1ndez, Domitila Flores, El Bajo, Francisco Ochoa y San Francisco.<\/p>\n\n\n\n<p>Entre ellos; U.E.E. R\u00f3mulo Betancourt, U.E.E. Absal\u00f3n Bracho, C.E.I. Ni\u00f1o Jes\u00fas, U.E.E. 24 de Julio, Fundaci\u00f3n Ni\u00f1o Zuliano (Color\u00edn Colorado), E.B.E. Marxiolina Florido, U.E.E. San Miguel Arc\u00e1ngel, E.B.N.B. Desiderio V\u00edlchez, Herm\u00f3genes M\u00e9ndez, C.E.I. Giraluna y U.E.E. V\u00edctor Padilla.<\/p>\n\n\n\n<p>Esto forma parte de las iniciativas del gobernador Manuel Rosales y el alcalde Gustavo Fern\u00e1ndez para la protecci\u00f3n de las comunidades. En caso de presentar cualquier s\u00edntoma de dengue, el Instituto P\u00fablico Municipal de Salud (Imsasur) pone a disposici\u00f3n de los ciudadanos las l\u00edneas de atenci\u00f3n de emergencias 0412-602.77.00 ante cualquier s\u00edntoma de dengue.<br><strong><em>ET \/ Alcald\u00eda de San Francisco<\/em><\/strong><\/p>\n","protected":false},"excerpt":{"rendered":"<p>ENTRE TORMENTAS. En un trabajo conjunto para la prevenci\u00f3n y control del dengue, la Gobernaci\u00f3n&#8230;<\/p>\n","protected":false},"author":2,"featured_media":10931,"comment_status":"closed","ping_status":"open","sticky":false,"template":"","format":"standard","meta":{"footnotes":""},"categories":[1],"tags":[],"class_list":["post-10930","post","type-post","status-publish","format-standard","has-post-thumbnail","hentry","category-regionales"],"_links":{"self":[{"href":"https:\/\/entretormentas.com\/index.php?rest_route=\/wp\/v2\/posts\/10930","targetHints":{"allow":["GET"]}}],"collection":[{"href":"https:\/\/entretormentas.com\/index.php?rest_route=\/wp\/v2\/posts"}],"about":[{"href":"https:\/\/entretormentas.com\/index.php?rest_route=\/wp\/v2\/types\/post"}],"author":[{"embeddable":true,"href":"https:\/\/entretormentas.com\/index.php?rest_route=\/wp\/v2\/users\/2"}],"replies":[{"embeddable":true,"href":"https:\/\/entretormentas.com\/index.php?rest_route=%2Fwp%2Fv2%2Fcomments&post=10930"}],"version-history":[{"count":1,"href":"https:\/\/entretormentas.com\/index.php?rest_route=\/wp\/v2\/posts\/10930\/revisions"}],"predecessor-version":[{"id":10933,"href":"https:\/\/entretormentas.com\/index.php?rest_route=\/wp\/v2\/posts\/10930\/revisions\/10933"}],"wp:featuredmedia":[{"embeddable":true,"href":"https:\/\/entretormentas.com\/index.php?rest_route=\/wp\/v2\/media\/10931"}],"wp:attachment":[{"href":"https:\/\/entretormentas.com\/index.php?rest_route=%2Fwp%2Fv2%2Fmedia&parent=10930"}],"wp:term":[{"taxonomy":"category","embeddable":true,"href":"https:\/\/entretormentas.com\/index.php?rest_route=%2Fwp%2Fv2%2Fcategories&post=10930"},{"taxonomy":"post_tag","embeddable":true,"href":"https:\/\/entretormentas.com\/index.php?rest_route=%2Fwp%2Fv2%2Ftags&post=10930"}],"curies":[{"name":"wp","href":"https:\/\/api.w.org\/{rel}","templated":true}]}}