{"id":10942,"date":"2024-12-05T09:07:43","date_gmt":"2024-12-05T08:07:43","guid":{"rendered":"https:\/\/entretormentas.com\/?p=10942"},"modified":"2024-12-05T09:07:43","modified_gmt":"2024-12-05T08:07:43","slug":"en-el-marite-gobernacion-extiende-feria-de-la-hallaca-en-maracaibo-este-jueves-5-d","status":"publish","type":"post","link":"https:\/\/entretormentas.com\/en-el-marite-gobernacion-extiende-feria-de-la-hallaca-en-maracaibo-este-jueves-5-d\/","title":{"rendered":"\u00a1EN EL MARITE! Gobernaci\u00f3n extiende Feria de la Hallaca en Maracaibo este jueves #5-D"},"content":{"rendered":"\n<p><strong>ENTRE TORMENTAS.<\/strong> La Gobernaci\u00f3n del Zulia, a trav\u00e9s de la fundaci\u00f3n Mercados Populares, realizar\u00e1 este jueves 5 de diciembre, grandes jornadas en Maracaibo, con el objetivo de llenar de sabor y tradici\u00f3n al pueblo zuliano.<\/p>\n\n\n\n<p>La Feria de la Hallaca se llevar\u00e1 a cabo en el Municipio Maracaibo, en la parroquia Antonio Borjas Romero, sector El Marite, en la Cancha de Usos M\u00faltiples El Marite, y en la parroquia Caracciolo Parra P\u00e9rez, sector La Victoria, en la Cancha de Usos M\u00faltiples Ram\u00f3n Reinoso N\u00fa\u00f1ez; a partir de las 9:00 a.m. Este mercado contar\u00e1 con alimentos de primera calidad a precios insuperables.<\/p>\n\n\n\n<p>A trav\u00e9s de estas jornadas, la Gobernaci\u00f3n del Zulia brinda atenci\u00f3n, calidad de vida y bienestar a las familias y comunidades en estas fechas decembrina.<br><strong><em>ET \/ Nota de Prensa<\/em><\/strong><\/p>\n","protected":false},"excerpt":{"rendered":"<p>ENTRE TORMENTAS. La Gobernaci\u00f3n del Zulia, a trav\u00e9s de la fundaci\u00f3n Mercados Populares, realizar\u00e1 este&#8230;<\/p>\n","protected":false},"author":2,"featured_media":10943,"comment_status":"closed","ping_status":"open","sticky":false,"template":"","format":"standard","meta":{"footnotes":""},"categories":[57,1],"tags":[],"class_list":["post-10942","post","type-post","status-publish","format-standard","has-post-thumbnail","hentry","category-actualidad","category-regionales"],"_links":{"self":[{"href":"https:\/\/entretormentas.com\/index.php?rest_route=\/wp\/v2\/posts\/10942","targetHints":{"allow":["GET"]}}],"collection":[{"href":"https:\/\/entretormentas.com\/index.php?rest_route=\/wp\/v2\/posts"}],"about":[{"href":"https:\/\/entretormentas.com\/index.php?rest_route=\/wp\/v2\/types\/post"}],"author":[{"embeddable":true,"href":"https:\/\/entretormentas.com\/index.php?rest_route=\/wp\/v2\/users\/2"}],"replies":[{"embeddable":true,"href":"https:\/\/entretormentas.com\/index.php?rest_route=%2Fwp%2Fv2%2Fcomments&post=10942"}],"version-history":[{"count":1,"href":"https:\/\/entretormentas.com\/index.php?rest_route=\/wp\/v2\/posts\/10942\/revisions"}],"predecessor-version":[{"id":10944,"href":"https:\/\/entretormentas.com\/index.php?rest_route=\/wp\/v2\/posts\/10942\/revisions\/10944"}],"wp:featuredmedia":[{"embeddable":true,"href":"https:\/\/entretormentas.com\/index.php?rest_route=\/wp\/v2\/media\/10943"}],"wp:attachment":[{"href":"https:\/\/entretormentas.com\/index.php?rest_route=%2Fwp%2Fv2%2Fmedia&parent=10942"}],"wp:term":[{"taxonomy":"category","embeddable":true,"href":"https:\/\/entretormentas.com\/index.php?rest_route=%2Fwp%2Fv2%2Fcategories&post=10942"},{"taxonomy":"post_tag","embeddable":true,"href":"https:\/\/entretormentas.com\/index.php?rest_route=%2Fwp%2Fv2%2Ftags&post=10942"}],"curies":[{"name":"wp","href":"https:\/\/api.w.org\/{rel}","templated":true}]}}