{"id":10949,"date":"2024-12-05T09:13:49","date_gmt":"2024-12-05T08:13:49","guid":{"rendered":"https:\/\/entretormentas.com\/?p=10949"},"modified":"2024-12-05T09:13:49","modified_gmt":"2024-12-05T08:13:49","slug":"alcaldia-de-san-francisco-realizan-operativo-de-limpieza-en-el-corredor-vial-domingo-roa-perez","status":"publish","type":"post","link":"https:\/\/entretormentas.com\/alcaldia-de-san-francisco-realizan-operativo-de-limpieza-en-el-corredor-vial-domingo-roa-perez\/","title":{"rendered":"\u00a1ALCALD\u00cdA DE SAN FRANCISCO! Realizan operativo de limpieza en el corredor vial Domingo Roa P\u00e9rez"},"content":{"rendered":"\n<p><strong>ENTRE TORMENTAS.<\/strong> La alcald\u00eda del municipio San Francisco, de la mano del Instituto P\u00fablico Municipal de Ambiente y Aseo Urbano, realiz\u00f3 una jornada de recolecci\u00f3n de desechos s\u00f3lidos en el corredor vial Domingo Roa P\u00e9rez, de la parroquia Marcial Hern\u00e1ndez.<\/p>\n\n\n\n<p>\u201cDesde San Francisco continuamos trabajando incansablemente en la recolecci\u00f3n de desechos s\u00f3lidos. Despu\u00e9s de un minucioso an\u00e1lisis por parte del instituto, el alcalde y la direcci\u00f3n de aseo, determinamos que este era un punto \u00e1lgido, que podr\u00eda ser perjudicial en temporada de lluvia, provocando posibles afectaciones a los residentes que habitan en esta arteria vial\u00bb, se\u00f1al\u00f3 Carlos Calles.<\/p>\n\n\n\n<figure class=\"wp-block-image size-large\"><img fetchpriority=\"high\" decoding=\"async\" width=\"576\" height=\"1024\" src=\"https:\/\/entretormentas.com\/wp-content\/uploads\/2024\/12\/image-89-576x1024.png\" alt=\"\" class=\"wp-image-10951\" srcset=\"https:\/\/entretormentas.com\/wp-content\/uploads\/2024\/12\/image-89-576x1024.png 576w, https:\/\/entretormentas.com\/wp-content\/uploads\/2024\/12\/image-89-169x300.png 169w, https:\/\/entretormentas.com\/wp-content\/uploads\/2024\/12\/image-89.png 720w\" sizes=\"(max-width: 576px) 100vw, 576px\" \/><\/figure>\n\n\n\n<p>Javier Solano, Director de aseo urbano y domiciliario, inform\u00f3 que en este dispositivo fueron recolectadas 250 toneladas de basura, disponiendo de camiones volteo, volqueta, cargador y retroexcavadora.<\/p>\n\n\n\n<p>Solano exhort\u00f3 una vez m\u00e1s a los ciudadanos de bien a tomar conciencia y no arrojar basura en estos puntos, ya que se convierte en un problema que involucra a la municipalidad, pero que afecta a\u00fan m\u00e1s a las mismas comunidades.<\/p>\n\n\n\n<p>El jefe del ejecutivo municipal, Gustavo Fern\u00e1ndez y el equipo de Imasur, contin\u00faan brindando a los pobladores de San Francisco, espacios limpios y dignificados, contribuyendo con el bienestar de los sanfranciscanos.<br><strong><em>ET \/ Alcald\u00eda de San Francisco<\/em><\/strong><\/p>\n","protected":false},"excerpt":{"rendered":"<p>ENTRE TORMENTAS. La alcald\u00eda del municipio San Francisco, de la mano del Instituto P\u00fablico Municipal&#8230;<\/p>\n","protected":false},"author":2,"featured_media":10950,"comment_status":"closed","ping_status":"open","sticky":false,"template":"","format":"standard","meta":{"footnotes":""},"categories":[57,1],"tags":[],"class_list":["post-10949","post","type-post","status-publish","format-standard","has-post-thumbnail","hentry","category-actualidad","category-regionales"],"_links":{"self":[{"href":"https:\/\/entretormentas.com\/index.php?rest_route=\/wp\/v2\/posts\/10949","targetHints":{"allow":["GET"]}}],"collection":[{"href":"https:\/\/entretormentas.com\/index.php?rest_route=\/wp\/v2\/posts"}],"about":[{"href":"https:\/\/entretormentas.com\/index.php?rest_route=\/wp\/v2\/types\/post"}],"author":[{"embeddable":true,"href":"https:\/\/entretormentas.com\/index.php?rest_route=\/wp\/v2\/users\/2"}],"replies":[{"embeddable":true,"href":"https:\/\/entretormentas.com\/index.php?rest_route=%2Fwp%2Fv2%2Fcomments&post=10949"}],"version-history":[{"count":1,"href":"https:\/\/entretormentas.com\/index.php?rest_route=\/wp\/v2\/posts\/10949\/revisions"}],"predecessor-version":[{"id":10952,"href":"https:\/\/entretormentas.com\/index.php?rest_route=\/wp\/v2\/posts\/10949\/revisions\/10952"}],"wp:featuredmedia":[{"embeddable":true,"href":"https:\/\/entretormentas.com\/index.php?rest_route=\/wp\/v2\/media\/10950"}],"wp:attachment":[{"href":"https:\/\/entretormentas.com\/index.php?rest_route=%2Fwp%2Fv2%2Fmedia&parent=10949"}],"wp:term":[{"taxonomy":"category","embeddable":true,"href":"https:\/\/entretormentas.com\/index.php?rest_route=%2Fwp%2Fv2%2Fcategories&post=10949"},{"taxonomy":"post_tag","embeddable":true,"href":"https:\/\/entretormentas.com\/index.php?rest_route=%2Fwp%2Fv2%2Ftags&post=10949"}],"curies":[{"name":"wp","href":"https:\/\/api.w.org\/{rel}","templated":true}]}}