{"id":10953,"date":"2024-12-05T09:18:06","date_gmt":"2024-12-05T08:18:06","guid":{"rendered":"https:\/\/entretormentas.com\/?p=10953"},"modified":"2024-12-05T09:18:07","modified_gmt":"2024-12-05T08:18:07","slug":"rosales-el-sello-hecho-en-el-zulia-resalta-la-autenticidad-la-excelencia-y-la-rica-tradicion-zuliana","status":"publish","type":"post","link":"https:\/\/entretormentas.com\/rosales-el-sello-hecho-en-el-zulia-resalta-la-autenticidad-la-excelencia-y-la-rica-tradicion-zuliana\/","title":{"rendered":"ROSALES: \u00abEl Sello &#8216;Hecho en el Zulia&#8217; resalta la autenticidad, la excelencia y la rica tradici\u00f3n zuliana\u00bb"},"content":{"rendered":"\n<p><strong>ENTRE TORMENTAS. <\/strong>El Gobernador del estado, Manuel Rosales Guerrero, lider\u00f3 este mi\u00e9rcoles, 4 de diciembre, el acto de entrega del Sello &#8216;Hecho en el Zulia&#8217;, a 56 empresas de la regi\u00f3n, con la presencia de las c\u00e1maras empresariales y comerciales de la regi\u00f3n que acompa\u00f1an al jefe del Gobierno regional en su gesti\u00f3n.<\/p>\n\n\n\n<p>Al inicio de su intervenci\u00f3n Rosales record\u00f3 que hace un a\u00f1o, el Papa Francisco envi\u00f3 un mensaje a una cumbre de empresarios que se efectuaba en Francia. Una de sus l\u00edneas conten\u00eda una gran reflexi\u00f3n cuando les dijo: \u00abustedes se hicieron empresarios, porque un d\u00eda les fascin\u00f3 el olor del taller, la alegr\u00eda de tocar sus productos con las manos, la satisfacci\u00f3n de ver que sus servicios son \u00fatiles. No olviden nunca que as\u00ed naci\u00f3 su vocaci\u00f3n\u00bb.<\/p>\n\n\n\n<figure class=\"wp-block-image size-large\"><img fetchpriority=\"high\" decoding=\"async\" width=\"1024\" height=\"682\" src=\"https:\/\/entretormentas.com\/wp-content\/uploads\/2024\/12\/image-90-1024x682.png\" alt=\"\" class=\"wp-image-10954\" srcset=\"https:\/\/entretormentas.com\/wp-content\/uploads\/2024\/12\/image-90-1024x682.png 1024w, https:\/\/entretormentas.com\/wp-content\/uploads\/2024\/12\/image-90-300x200.png 300w, https:\/\/entretormentas.com\/wp-content\/uploads\/2024\/12\/image-90-768x512.png 768w, https:\/\/entretormentas.com\/wp-content\/uploads\/2024\/12\/image-90-1536x1024.png 1536w, https:\/\/entretormentas.com\/wp-content\/uploads\/2024\/12\/image-90-2048x1365.png 2048w\" sizes=\"(max-width: 1024px) 100vw, 1024px\" \/><\/figure>\n\n\n\n<p>Afirm\u00f3 que si algo caracteriza al empresario zuliano es la vocaci\u00f3n, por eso su referencia a las palabras del Papa al inicio de este acto. \u00abInspirado por \u00e9l podemos decir que hoy estamos haciendo historia, al otorgar las primeras distinciones con el Sello &#8216;Hecho en el Zulia&#8217;, como un nuevo avance para fortalecer el plan de convertir a esta tierra en la m\u00e1s pujante de toda Venezuela\u00bb.<\/p>\n\n\n\n<p>Resalt\u00f3 que el Sello &#8216;Hecho en el Zulia&#8217;, m\u00e1s que una simple etiqueta, es una marca creada con un prop\u00f3sito claro y fundamental, de resaltar la autenticidad, la excelencia y la rica tradici\u00f3n zuliana. \u00abDesde nuestras f\u00e9rtiles tierras, hasta la creatividad de nuestra gente, cada producto y servicio que llevamos al mercado tiene consigo una historia, una herencia que merece ser reconocida y valorada. Este Sello es parte de la estrategia del Zulia Productivo que activamos desde el primer d\u00eda de esta gesti\u00f3n\u00bb, dijo.<\/p>\n\n\n\n<p>Resalt\u00f3 que naci\u00f3 como una iniciativa de su equipo de trabajo, para realzar la identidad regional, a trav\u00e9s de sus productos y servicios. \u00abPromovimos la conformaci\u00f3n de un equipo de trabajo interinstitucional en conjunto con el sector privado para formular el proyecto de creaci\u00f3n del Sello &#8216;Hecho en el Zulia&#8217;. La idea pionera innovadora exigi\u00f3 un trabajo de m\u00e1s de dos a\u00f1os, contando con el apoyo de FONDONORMA, para lograr concretar esta importante distinci\u00f3n. Es la primera para una regi\u00f3n en Venezuela\u00bb.<\/p>\n\n\n\n<p>Argument\u00f3 el Gobernador que el decreto que firmaron el 23 de mayo de 2024 fue la v\u00eda, para la elaboraci\u00f3n del marco jur\u00eddico y las normas a seguir para el otorgamiento del Sello &#8216;Hecho en el Zulia&#8217;. \u00abPara destacar que el Comit\u00e9 Evaluador del Sello est\u00e1 representado mayoritariamente por el sector empresarial privado que ostent\u00f3 a su coordinaci\u00f3n\u00bb.<\/p>\n\n\n\n<p>Resalt\u00f3, adem\u00e1s, que uno de los logros m\u00e1s importantes de esta iniciativa ha sido la colaboraci\u00f3n activa de expertos y organizaciones especializadas en certificaci\u00f3n de excelencia. \u00abPor eso hoy, desde el Hotel Tibisay de Maracaibo, quiero dar las gracias a Fedec\u00e1maras, C\u00e1mara de Industriales, C\u00e1mara de Comercio, Fegalago y a todas las instituciones y gremios que siempre nos apoyaron en nos orientaron. Gracias Alex Balza. Gracias a toda la directiva y a sus miembros\u00bb.<\/p>\n\n\n\n<p>Tambi\u00e9n, el gobernador Manuel Rosales destac\u00f3 la presencia de la representaci\u00f3n nacional de Fedec\u00e1maras, Felipe Capozzolo, primer vicepresidente; Tiziana Polesel, segunda vicepresidente y Rafael Trejo, tesorero, \u00abquienes representan la confirmaci\u00f3n de que estamos en un camino correcto\u00bb.<\/p>\n\n\n\n<p>El Gobernador aprovech\u00f3 la ocasi\u00f3n para compartir con los asistentes el empe\u00f1o que le mueve d\u00eda a d\u00eda. \u00abEn el Zulia solo hay espacio para el trabajo y la paz. Afirmamos con absoluta determinaci\u00f3n que el tiempo de la destrucci\u00f3n, el conflicto, qued\u00f3 atr\u00e1s\u00bb.<\/p>\n\n\n\n<figure class=\"wp-block-image size-large\"><img decoding=\"async\" width=\"1024\" height=\"682\" src=\"https:\/\/entretormentas.com\/wp-content\/uploads\/2024\/12\/image-91-1024x682.png\" alt=\"\" class=\"wp-image-10955\" srcset=\"https:\/\/entretormentas.com\/wp-content\/uploads\/2024\/12\/image-91-1024x682.png 1024w, https:\/\/entretormentas.com\/wp-content\/uploads\/2024\/12\/image-91-300x200.png 300w, https:\/\/entretormentas.com\/wp-content\/uploads\/2024\/12\/image-91-768x512.png 768w, https:\/\/entretormentas.com\/wp-content\/uploads\/2024\/12\/image-91-1536x1024.png 1536w, https:\/\/entretormentas.com\/wp-content\/uploads\/2024\/12\/image-91-2048x1365.png 2048w\" sizes=\"(max-width: 1024px) 100vw, 1024px\" \/><\/figure>\n\n\n\n<p>Y apunt\u00f3: \u00abQueremos que el Lago vuelva a producir 600 mil barriles de petr\u00f3leo diarios. Que saquemos el gas que est\u00e1 en el Golfo de Venezuela, para abastecer al Occidente del pa\u00eds y a la costa colombiana. Que los galpones de la Zona Industrial resuciten. Que la Planicie de Maracaibo produzca millones de toneladas de alimentos. Que la actividad petroqu\u00edmica se extienda. Queremos que la industria, el comercio y el sector agropecuario florezcan\u00bb.<\/p>\n\n\n\n<p>Afirm\u00f3 que este suelo fue bendecido por Dios con las mayores riquezas naturales y mineras del pa\u00eds y quienes quieran unirse a esta convicci\u00f3n siempre conseguir\u00e1n nuestros brazos abiertos. \u00abFinalizo estas palabras con mis felicitaciones a las marcas que recibir\u00e1n el Sello &#8216;Hecho en el Zulia&#8217;. Gracias a los miembros del Comit\u00e9, por el tiempo dedicado al estudio de cada detalle. Gracias a quienes han hecho posible este gran esfuerzo\u00bb.<\/p>\n\n\n\n<p>Cit\u00f3 palabras de Theodore Roosevelt cuando afirm\u00f3: &#8216;si crees que puedes, ya est\u00e1s a medio camino&#8217;. \u00abEl Sello &#8216;Hecho en el Zulia&#8217; avanza con paso firme por el camino del triunfo\u00bb, concluy\u00f3 Rosales.<br><strong><em>ET \/ Nota de Prensa<\/em><\/strong><\/p>\n\n\n\n<p><\/p>\n","protected":false},"excerpt":{"rendered":"<p>ENTRE TORMENTAS. El Gobernador del estado, Manuel Rosales Guerrero, lider\u00f3 este mi\u00e9rcoles, 4 de diciembre,&#8230;<\/p>\n","protected":false},"author":2,"featured_media":10956,"comment_status":"closed","ping_status":"open","sticky":false,"template":"","format":"standard","meta":{"footnotes":""},"categories":[57,1],"tags":[],"class_list":["post-10953","post","type-post","status-publish","format-standard","has-post-thumbnail","hentry","category-actualidad","category-regionales"],"_links":{"self":[{"href":"https:\/\/entretormentas.com\/index.php?rest_route=\/wp\/v2\/posts\/10953","targetHints":{"allow":["GET"]}}],"collection":[{"href":"https:\/\/entretormentas.com\/index.php?rest_route=\/wp\/v2\/posts"}],"about":[{"href":"https:\/\/entretormentas.com\/index.php?rest_route=\/wp\/v2\/types\/post"}],"author":[{"embeddable":true,"href":"https:\/\/entretormentas.com\/index.php?rest_route=\/wp\/v2\/users\/2"}],"replies":[{"embeddable":true,"href":"https:\/\/entretormentas.com\/index.php?rest_route=%2Fwp%2Fv2%2Fcomments&post=10953"}],"version-history":[{"count":1,"href":"https:\/\/entretormentas.com\/index.php?rest_route=\/wp\/v2\/posts\/10953\/revisions"}],"predecessor-version":[{"id":10957,"href":"https:\/\/entretormentas.com\/index.php?rest_route=\/wp\/v2\/posts\/10953\/revisions\/10957"}],"wp:featuredmedia":[{"embeddable":true,"href":"https:\/\/entretormentas.com\/index.php?rest_route=\/wp\/v2\/media\/10956"}],"wp:attachment":[{"href":"https:\/\/entretormentas.com\/index.php?rest_route=%2Fwp%2Fv2%2Fmedia&parent=10953"}],"wp:term":[{"taxonomy":"category","embeddable":true,"href":"https:\/\/entretormentas.com\/index.php?rest_route=%2Fwp%2Fv2%2Fcategories&post=10953"},{"taxonomy":"post_tag","embeddable":true,"href":"https:\/\/entretormentas.com\/index.php?rest_route=%2Fwp%2Fv2%2Ftags&post=10953"}],"curies":[{"name":"wp","href":"https:\/\/api.w.org\/{rel}","templated":true}]}}