{"id":10967,"date":"2024-12-05T09:28:42","date_gmt":"2024-12-05T08:28:42","guid":{"rendered":"https:\/\/entretormentas.com\/?p=10967"},"modified":"2024-12-05T09:28:42","modified_gmt":"2024-12-05T08:28:42","slug":"posicion-conferencia-episcopal-tilda-de-inhumano-asedio-en-embajada-de-argentina","status":"publish","type":"post","link":"https:\/\/entretormentas.com\/posicion-conferencia-episcopal-tilda-de-inhumano-asedio-en-embajada-de-argentina\/","title":{"rendered":"\u00a1POSICI\u00d3N! Conferencia Episcopal tilda de \u00abinhumano\u00bb asedio en embajada de Argentina"},"content":{"rendered":"\n<p><strong>ENTRE TORMENTAS. <\/strong>El subsecretario de la Conferencia Episcopal Venezolana (CEV), monse\u00f1or Rafael Bitter, calific\u00f3 de \u00abinhumano\u00bb el asedio al que est\u00e1n sometidos seis opositores refugiados en la embajada de Argentina en Caracas, tras varios d\u00edas con el suministro de agua y electricidad cortado.<\/p>\n\n\n\n<p>\u00abEs inhumano cortar agua, luz. Creo que darles una oportunidad y el trato humano no se debe cortar\u00bb, dijo monse\u00f1or Bitter en declaraciones al canal NTN24.<\/p>\n\n\n\n<p>Desde hace 12 d\u00edas, el grupo de opositores \u2013vinculados a Mar\u00eda Corina Machado\u2013 ha denunciado el asedio constante a dicha residencia diplom\u00e1tica, bajo resguardo actualmente de Brasil, por parte de organismos de seguridad. Adem\u00e1s enfrentan restricciones con el acceso al agua potable y electricidad, lo que tambi\u00e9n les impide mantener alimentos.<\/p>\n\n\n\n<figure class=\"wp-block-image size-full\"><img fetchpriority=\"high\" decoding=\"async\" width=\"768\" height=\"432\" src=\"https:\/\/entretormentas.com\/wp-content\/uploads\/2024\/12\/image-97.png\" alt=\"\" class=\"wp-image-10969\" srcset=\"https:\/\/entretormentas.com\/wp-content\/uploads\/2024\/12\/image-97.png 768w, https:\/\/entretormentas.com\/wp-content\/uploads\/2024\/12\/image-97-300x169.png 300w\" sizes=\"(max-width: 768px) 100vw, 768px\" \/><\/figure>\n\n\n\n<p>El representante de la Conferencia Episcopal dijo que est\u00e1n dispuestos a mostrar su apoyo a los opositores refugiados, al tiempo que solicit\u00f3 que se detenga el asedio. \u00abEstamos llegando a Navidad, \u00bfy vamos a dejar que las cosas sigan igual? Como dice el papa Francisco \u00abbajemos\u00bb y dejemos que podamos reunirnos en familia, sin l\u00e1grimas, en paz y tranquilidad. Que piensen tambi\u00e9n en este pueblo que necesita y en esta gente. Pasar una navidad en esta situaci\u00f3n es doloroso, es triste\u00bb.<\/p>\n\n\n\n<p>Desde hace ocho meses se encuentran bajo condici\u00f3n de refugio Pedro Urruchurtu, Magali Meda, el exdiputado Omar Gonz\u00e1lez, Claudia Macero, Humberto Villalobos, todos vinculados al partido Vente Venezuela, adem\u00e1s del exministro Fernando Mart\u00ednez Mottola, asesor de la Plataforma Unitaria. Esto tras investigaciones judiciales en su contra por supuesto terrorismo.<\/p>\n\n\n\n<p>Monse\u00f1or Bitter tambi\u00e9n cuestion\u00f3 las actuaciones de las autoridades a costa de \u00abquerer ganar\u00bb.<\/p>\n\n\n\n<p>\u00abMe sorprendi\u00f3 hasta d\u00f3nde se puede llegar como ser humano a unos l\u00edmites que no me importe m\u00e1s nada: sino romper, desbaratar y quitar. Que no me importe m\u00e1s nada sino simplemente imponer mi voluntad o quiz\u00e1s es querer ganar, vencer pero \u00bfa costa de qu\u00e9?\u00bb, dijo.<br><strong><em>ET \/ Tal Cual<\/em><\/strong><\/p>\n","protected":false},"excerpt":{"rendered":"<p>ENTRE TORMENTAS. El subsecretario de la Conferencia Episcopal Venezolana (CEV), monse\u00f1or Rafael Bitter, calific\u00f3 de&#8230;<\/p>\n","protected":false},"author":2,"featured_media":10968,"comment_status":"closed","ping_status":"open","sticky":false,"template":"","format":"standard","meta":{"footnotes":""},"categories":[56,49],"tags":[],"class_list":["post-10967","post","type-post","status-publish","format-standard","has-post-thumbnail","hentry","category-destacadas","category-nacionales"],"_links":{"self":[{"href":"https:\/\/entretormentas.com\/index.php?rest_route=\/wp\/v2\/posts\/10967","targetHints":{"allow":["GET"]}}],"collection":[{"href":"https:\/\/entretormentas.com\/index.php?rest_route=\/wp\/v2\/posts"}],"about":[{"href":"https:\/\/entretormentas.com\/index.php?rest_route=\/wp\/v2\/types\/post"}],"author":[{"embeddable":true,"href":"https:\/\/entretormentas.com\/index.php?rest_route=\/wp\/v2\/users\/2"}],"replies":[{"embeddable":true,"href":"https:\/\/entretormentas.com\/index.php?rest_route=%2Fwp%2Fv2%2Fcomments&post=10967"}],"version-history":[{"count":1,"href":"https:\/\/entretormentas.com\/index.php?rest_route=\/wp\/v2\/posts\/10967\/revisions"}],"predecessor-version":[{"id":10970,"href":"https:\/\/entretormentas.com\/index.php?rest_route=\/wp\/v2\/posts\/10967\/revisions\/10970"}],"wp:featuredmedia":[{"embeddable":true,"href":"https:\/\/entretormentas.com\/index.php?rest_route=\/wp\/v2\/media\/10968"}],"wp:attachment":[{"href":"https:\/\/entretormentas.com\/index.php?rest_route=%2Fwp%2Fv2%2Fmedia&parent=10967"}],"wp:term":[{"taxonomy":"category","embeddable":true,"href":"https:\/\/entretormentas.com\/index.php?rest_route=%2Fwp%2Fv2%2Fcategories&post=10967"},{"taxonomy":"post_tag","embeddable":true,"href":"https:\/\/entretormentas.com\/index.php?rest_route=%2Fwp%2Fv2%2Ftags&post=10967"}],"curies":[{"name":"wp","href":"https:\/\/api.w.org\/{rel}","templated":true}]}}