{"id":10985,"date":"2024-12-05T18:36:04","date_gmt":"2024-12-05T17:36:04","guid":{"rendered":"https:\/\/entretormentas.com\/?p=10985"},"modified":"2024-12-05T18:36:04","modified_gmt":"2024-12-05T17:36:04","slug":"en-el-ano-2024-alcaldia-de-san-francisco-recupero-mas-de-50-espacios-para-la-recreacion","status":"publish","type":"post","link":"https:\/\/entretormentas.com\/en-el-ano-2024-alcaldia-de-san-francisco-recupero-mas-de-50-espacios-para-la-recreacion\/","title":{"rendered":"\u00a1EN EL A\u00d1O 2024! Alcald\u00eda de San Francisco recuper\u00f3 m\u00e1s de 50 espacios para la recreaci\u00f3n"},"content":{"rendered":"\n<p><strong>ENTRE TORMENTAS. <\/strong>Manteniendo los lineamientos de la campa\u00f1a \u201cSan Francisco Limpio\u201d, liderada por la gesti\u00f3n del alcalde Gustavo Fern\u00e1ndez M\u00e9ndez, la direcci\u00f3n de Plazas y Parques del Instituto P\u00fablico Municipal de Ambiente y Aseo Urbano (Imasur), en conjunto con otras gerencias, a lo largo del a\u00f1o 2024, ha intervenido 58 espacios de recreaci\u00f3n en las siete parroquias del municipio sure\u00f1o.<\/p>\n\n\n\n<p>Anderson Le\u00f3n, director de Plazas y Parques, expres\u00f3: \u201cNuestra direcci\u00f3n se encarga de la recuperaci\u00f3n de espacios para el disfrute de los ciudadanos de San Francisco. Rehabilitando los parques, plazas y \u00e1reas verdes, muchos de estos vandalizados por irresponsables, quienes las utilizaban como basureros\u201d.<\/p>\n\n\n\n<figure class=\"wp-block-image size-large\"><img fetchpriority=\"high\" decoding=\"async\" width=\"768\" height=\"1024\" src=\"https:\/\/entretormentas.com\/wp-content\/uploads\/2024\/12\/image-108-768x1024.png\" alt=\"\" class=\"wp-image-10988\" srcset=\"https:\/\/entretormentas.com\/wp-content\/uploads\/2024\/12\/image-108-768x1024.png 768w, https:\/\/entretormentas.com\/wp-content\/uploads\/2024\/12\/image-108-225x300.png 225w, https:\/\/entretormentas.com\/wp-content\/uploads\/2024\/12\/image-108.png 960w\" sizes=\"(max-width: 768px) 100vw, 768px\" \/><\/figure>\n\n\n\n<p>Los trabajos de estos equipos se han basado en la intervenci\u00f3n de espacios a trav\u00e9s de la poda, desmalezamiento, limpieza, recolecci\u00f3n de desechos s\u00f3lidos y vegetales. A su vez, en muchos se han instalado luminarias, pintado aceras, reparado juegos infantiles y sembrado m\u00e1s de 918 plantas, esto con el fin de embellecer el ornato municipal.<\/p>\n\n\n\n<p>Le\u00f3n, tambi\u00e9n expuso que a ello se suma un valor est\u00e9tico. \u00abCon lo que hacemos desde el Imasur, embellecemos las comunidades, incrementando su atractivo tur\u00edstico y mejorando la calidad de vida de sus habitantes. Asimismo, damos saldo a favor en protecci\u00f3n ambiental e incluso mejoramos la salud f\u00edsica y mental de personas\u00bb, destac\u00f3 el funcionario p\u00fablico.<\/p>\n\n\n\n<figure class=\"wp-block-image size-large\"><img decoding=\"async\" width=\"1024\" height=\"461\" src=\"https:\/\/entretormentas.com\/wp-content\/uploads\/2024\/12\/image-107-1024x461.png\" alt=\"\" class=\"wp-image-10987\" srcset=\"https:\/\/entretormentas.com\/wp-content\/uploads\/2024\/12\/image-107-1024x461.png 1024w, https:\/\/entretormentas.com\/wp-content\/uploads\/2024\/12\/image-107-300x135.png 300w, https:\/\/entretormentas.com\/wp-content\/uploads\/2024\/12\/image-107-768x346.png 768w, https:\/\/entretormentas.com\/wp-content\/uploads\/2024\/12\/image-107.png 1280w\" sizes=\"(max-width: 1024px) 100vw, 1024px\" \/><\/figure>\n\n\n\n<p>En uni\u00f3n con las gerencias de Operaciones e Infraestructura, as\u00ed como la Juventud de San Francisco, han resaltado las labores en el rescate de espacios entre los que destacan: plaza San Benito, plaza Rafael Urdaneta, plaza Sim\u00f3n Bol\u00edvar, adyacencias de la plaza Rafael Urdaneta, plaza Sabana Grande, parque Juan Cuchara, plaza La Juventud, plaza Coima, colocaci\u00f3n de cauchos en la v\u00eda a la ca\u00f1ada de Urdaneta y poda controlada en la redoma de La Flor de Sar\u00f3n.<br><strong><em>ET \/ Alcald\u00eda de San Francisco<\/em><\/strong><\/p>\n","protected":false},"excerpt":{"rendered":"<p>ENTRE TORMENTAS. Manteniendo los lineamientos de la campa\u00f1a \u201cSan Francisco Limpio\u201d, liderada por la gesti\u00f3n&#8230;<\/p>\n","protected":false},"author":2,"featured_media":10986,"comment_status":"closed","ping_status":"open","sticky":false,"template":"","format":"standard","meta":{"footnotes":""},"categories":[57,1],"tags":[],"class_list":["post-10985","post","type-post","status-publish","format-standard","has-post-thumbnail","hentry","category-actualidad","category-regionales"],"_links":{"self":[{"href":"https:\/\/entretormentas.com\/index.php?rest_route=\/wp\/v2\/posts\/10985","targetHints":{"allow":["GET"]}}],"collection":[{"href":"https:\/\/entretormentas.com\/index.php?rest_route=\/wp\/v2\/posts"}],"about":[{"href":"https:\/\/entretormentas.com\/index.php?rest_route=\/wp\/v2\/types\/post"}],"author":[{"embeddable":true,"href":"https:\/\/entretormentas.com\/index.php?rest_route=\/wp\/v2\/users\/2"}],"replies":[{"embeddable":true,"href":"https:\/\/entretormentas.com\/index.php?rest_route=%2Fwp%2Fv2%2Fcomments&post=10985"}],"version-history":[{"count":1,"href":"https:\/\/entretormentas.com\/index.php?rest_route=\/wp\/v2\/posts\/10985\/revisions"}],"predecessor-version":[{"id":10989,"href":"https:\/\/entretormentas.com\/index.php?rest_route=\/wp\/v2\/posts\/10985\/revisions\/10989"}],"wp:featuredmedia":[{"embeddable":true,"href":"https:\/\/entretormentas.com\/index.php?rest_route=\/wp\/v2\/media\/10986"}],"wp:attachment":[{"href":"https:\/\/entretormentas.com\/index.php?rest_route=%2Fwp%2Fv2%2Fmedia&parent=10985"}],"wp:term":[{"taxonomy":"category","embeddable":true,"href":"https:\/\/entretormentas.com\/index.php?rest_route=%2Fwp%2Fv2%2Fcategories&post=10985"},{"taxonomy":"post_tag","embeddable":true,"href":"https:\/\/entretormentas.com\/index.php?rest_route=%2Fwp%2Fv2%2Ftags&post=10985"}],"curies":[{"name":"wp","href":"https:\/\/api.w.org\/{rel}","templated":true}]}}