{"id":10990,"date":"2024-12-05T18:41:20","date_gmt":"2024-12-05T17:41:20","guid":{"rendered":"https:\/\/entretormentas.com\/?p=10990"},"modified":"2024-12-05T18:41:20","modified_gmt":"2024-12-05T17:41:20","slug":"por-3er-ano-seguido-alcaldia-de-maracaibo-enciende-la-navidad-en-la-plaza-de-la-republica","status":"publish","type":"post","link":"https:\/\/entretormentas.com\/por-3er-ano-seguido-alcaldia-de-maracaibo-enciende-la-navidad-en-la-plaza-de-la-republica\/","title":{"rendered":"\u00a1POR 3ER. A\u00d1O SEGUIDO! Alcald\u00eda de Maracaibo enciende la Navidad en la Plaza de la Rep\u00fablica"},"content":{"rendered":"\n<p><strong>ENTRE TORMENTAS.<\/strong> Al ritmo del cuatro, furro y tambora, la Alcald\u00eda de Maracaibo a trav\u00e9s del Servicio Desconcentrado de Plazas y Parques (SEDEPAR) realiz\u00f3 el 30 de noviembre y por tercer a\u00f1o consecutivo, el tradicional encendido de Navidad en la Plaza de la Rep\u00fablica que incluy\u00f3 la reactivaci\u00f3n de la fuente de este importante espacio p\u00fablico que es visitada por una aproximado de cien marabinos diariamente.<\/p>\n\n\n\n<p>Adri\u00e1n Romero Mart\u00ednez, alcalde encargado de Maracaibo, camin\u00f3 por toda la plaza hasta llegar a la concha ac\u00fastica desde donde comenz\u00f3 el conteo regresivo para que se alumbraran los espacios.<\/p>\n\n\n\n<figure class=\"wp-block-image size-large\"><img fetchpriority=\"high\" decoding=\"async\" width=\"1024\" height=\"576\" src=\"https:\/\/entretormentas.com\/wp-content\/uploads\/2024\/12\/image-110-1024x576.png\" alt=\"\" class=\"wp-image-10992\" srcset=\"https:\/\/entretormentas.com\/wp-content\/uploads\/2024\/12\/image-110-1024x576.png 1024w, https:\/\/entretormentas.com\/wp-content\/uploads\/2024\/12\/image-110-300x169.png 300w, https:\/\/entretormentas.com\/wp-content\/uploads\/2024\/12\/image-110-768x432.png 768w, https:\/\/entretormentas.com\/wp-content\/uploads\/2024\/12\/image-110.png 1280w\" sizes=\"(max-width: 1024px) 100vw, 1024px\" \/><\/figure>\n\n\n\n<p>\u201cEste 30 de noviembre damos inicio a la Navidad en la Plaza de la Rep\u00fablica. Gracias a la direcci\u00f3n de SEDEPAR y a su equipo, de hombres y mujeres, se hizo posible este encendido que ser\u00e1 para el disfrute en familia, en amistad, reconciliaci\u00f3n, paz y armon\u00eda\u201d, expres\u00f3 Romero.<\/p>\n\n\n\n<p>Tras el encendido empezaron los cantos de villancicos propios de la \u00e9poca decembrina. Eudo Garc\u00eda, director de SEDEPAR, destac\u00f3 que el trabajo realizado se logr\u00f3 en tiempo r\u00e9cord con el \u00fanico prop\u00f3sito de \u201cllevar alegr\u00eda a nuestra gente\u201d<\/p>\n\n\n\n<p>\u201cQuisimos regalarle a Maracaibo el inicio de la Navidad que ya se ha hecho tradicional en \u00e9sta emblem\u00e1tica plaza. Esta es una celebraci\u00f3n donde reina la uni\u00f3n familiar, el disfrute de los m\u00e1s peque\u00f1os de la casa y eso nos llena de satisfacci\u00f3n y nos impulsa a continuar con este tipo de actividades\u201d, recalc\u00f3 el funcionario.<\/p>\n\n\n\n<p><strong>DISFRUTE EN FAMILIA<\/strong><br>Adriana Bizzotto, de 67 a\u00f1os, residente del oeste de Maracaibo, destac\u00f3 que la plaza hab\u00eda quedado bonita. \u00abEst\u00e1 todo organizado. Llor\u00e9 recordando tantas cosas, despu\u00e9s de mucho tiempo de estar en Colombia vengo a disfrutar de este espect\u00e1culo\u00bb.<\/p>\n\n\n\n<figure class=\"wp-block-image size-large\"><img decoding=\"async\" width=\"1024\" height=\"576\" src=\"https:\/\/entretormentas.com\/wp-content\/uploads\/2024\/12\/image-111-1024x576.png\" alt=\"\" class=\"wp-image-10993\" srcset=\"https:\/\/entretormentas.com\/wp-content\/uploads\/2024\/12\/image-111-1024x576.png 1024w, https:\/\/entretormentas.com\/wp-content\/uploads\/2024\/12\/image-111-300x169.png 300w, https:\/\/entretormentas.com\/wp-content\/uploads\/2024\/12\/image-111-768x432.png 768w, https:\/\/entretormentas.com\/wp-content\/uploads\/2024\/12\/image-111.png 1280w\" sizes=\"(max-width: 1024px) 100vw, 1024px\" \/><\/figure>\n\n\n\n<p>\u00abMe parece perfecto que las plazas se rescaten, que hagan actividades, que enciendan la Navidad en ellas. Aqu\u00ed uno pasa un momento en familia\u201d, expres\u00f3 Soleida de Gonz\u00e1lez, de 67 a\u00f1os, residente del sector la Pomona.<\/p>\n\n\n\n<p>Salvador Sefaratti, de 32 a\u00f1os, consider\u00f3 que est\u00e1 iniciativa de la Alcald\u00eda de Maracaibo de mantener el encendido de la Plaza de la Rep\u00fablica es positiva para la ciudad. \u201cEs lo mejor tener espacios dignos para disfrutar en familia\u201d.<br><strong><em>ET \/ DCI Alcald\u00eda de Maracaibo<\/em><\/strong><\/p>\n\n\n\n<p><\/p>\n","protected":false},"excerpt":{"rendered":"<p>ENTRE TORMENTAS. Al ritmo del cuatro, furro y tambora, la Alcald\u00eda de Maracaibo a trav\u00e9s&#8230;<\/p>\n","protected":false},"author":2,"featured_media":10991,"comment_status":"closed","ping_status":"open","sticky":false,"template":"","format":"standard","meta":{"footnotes":""},"categories":[57,1],"tags":[],"class_list":["post-10990","post","type-post","status-publish","format-standard","has-post-thumbnail","hentry","category-actualidad","category-regionales"],"_links":{"self":[{"href":"https:\/\/entretormentas.com\/index.php?rest_route=\/wp\/v2\/posts\/10990","targetHints":{"allow":["GET"]}}],"collection":[{"href":"https:\/\/entretormentas.com\/index.php?rest_route=\/wp\/v2\/posts"}],"about":[{"href":"https:\/\/entretormentas.com\/index.php?rest_route=\/wp\/v2\/types\/post"}],"author":[{"embeddable":true,"href":"https:\/\/entretormentas.com\/index.php?rest_route=\/wp\/v2\/users\/2"}],"replies":[{"embeddable":true,"href":"https:\/\/entretormentas.com\/index.php?rest_route=%2Fwp%2Fv2%2Fcomments&post=10990"}],"version-history":[{"count":1,"href":"https:\/\/entretormentas.com\/index.php?rest_route=\/wp\/v2\/posts\/10990\/revisions"}],"predecessor-version":[{"id":10994,"href":"https:\/\/entretormentas.com\/index.php?rest_route=\/wp\/v2\/posts\/10990\/revisions\/10994"}],"wp:featuredmedia":[{"embeddable":true,"href":"https:\/\/entretormentas.com\/index.php?rest_route=\/wp\/v2\/media\/10991"}],"wp:attachment":[{"href":"https:\/\/entretormentas.com\/index.php?rest_route=%2Fwp%2Fv2%2Fmedia&parent=10990"}],"wp:term":[{"taxonomy":"category","embeddable":true,"href":"https:\/\/entretormentas.com\/index.php?rest_route=%2Fwp%2Fv2%2Fcategories&post=10990"},{"taxonomy":"post_tag","embeddable":true,"href":"https:\/\/entretormentas.com\/index.php?rest_route=%2Fwp%2Fv2%2Ftags&post=10990"}],"curies":[{"name":"wp","href":"https:\/\/api.w.org\/{rel}","templated":true}]}}