{"id":11001,"date":"2024-12-05T19:04:29","date_gmt":"2024-12-05T18:04:29","guid":{"rendered":"https:\/\/entretormentas.com\/?p=11001"},"modified":"2024-12-05T19:04:29","modified_gmt":"2024-12-05T18:04:29","slug":"en-el-parque-ana-maria-campos-gaiteros-de-corazon-en-navidad-trae-alegria-y-tradicion-en-el-mes-de-diciembre","status":"publish","type":"post","link":"https:\/\/entretormentas.com\/en-el-parque-ana-maria-campos-gaiteros-de-corazon-en-navidad-trae-alegria-y-tradicion-en-el-mes-de-diciembre\/","title":{"rendered":"\u00a1EN EL PARQUE ANA MAR\u00cdA CAMPOS! \u201cGaiteros de Coraz\u00f3n en Navidad\u201d trae alegr\u00eda y tradici\u00f3n en el mes de diciembre"},"content":{"rendered":"\n<p><strong>ENTRE TORMENTAS. <\/strong>En el marco de la celebraci\u00f3n de la Navidad, la Fundaci\u00f3n Nacional de la Gaita se complace en anunciar la realizaci\u00f3n de \u201cGaiteros de Coraz\u00f3n en Navidad\u201d, una serie de conciertos gratuitos que reunir\u00e1n a m\u00e1s de 40 agrupaciones gaiteras de ni\u00f1os, j\u00f3venes y adultos.<\/p>\n\n\n\n<figure class=\"wp-block-image size-large\"><img fetchpriority=\"high\" decoding=\"async\" width=\"819\" height=\"1024\" src=\"https:\/\/entretormentas.com\/wp-content\/uploads\/2024\/12\/image-118-819x1024.png\" alt=\"\" class=\"wp-image-11004\" srcset=\"https:\/\/entretormentas.com\/wp-content\/uploads\/2024\/12\/image-118-819x1024.png 819w, https:\/\/entretormentas.com\/wp-content\/uploads\/2024\/12\/image-118-240x300.png 240w, https:\/\/entretormentas.com\/wp-content\/uploads\/2024\/12\/image-118-768x960.png 768w, https:\/\/entretormentas.com\/wp-content\/uploads\/2024\/12\/image-118.png 1024w\" sizes=\"(max-width: 819px) 100vw, 819px\" \/><\/figure>\n\n\n\n<p>La actividad se llevar\u00e1 a cabo cada viernes, s\u00e1bado y domingo, iniciando este viernes 6 de diciembre a las 6:00 p.m. en la Concha Ac\u00fastica del Parque Monumental Ana Mar\u00eda Campo, en este espacio c\u00f3modo y seguro que cuenta con atracciones como una feria de comida, estacionamiento y parques para los m\u00e1s peque\u00f1os, brindando una experiencia \u00fanica para las familias zulianas.<\/p>\n\n\n\n<p>Durante cuatro fines de semana consecutivos, los asistentes disfrutar\u00e1n de un despliegue t\u00e9cnico de primer nivel con sonido, pantallas e iluminaci\u00f3n dise\u00f1ados para enaltecer nuestra m\u00fasica tradicional. La aperturade cada concierto estar\u00e1 a cargo de una agrupaci\u00f3n infantil de Maracaibo, San Francisco o la Costa Oriental, destacando el talento y esfuerzo de nuestros ni\u00f1os.<\/p>\n\n\n\n<figure class=\"wp-block-image size-large\"><img decoding=\"async\" width=\"1024\" height=\"768\" src=\"https:\/\/entretormentas.com\/wp-content\/uploads\/2024\/12\/image-117-1024x768.png\" alt=\"\" class=\"wp-image-11003\" srcset=\"https:\/\/entretormentas.com\/wp-content\/uploads\/2024\/12\/image-117-1024x768.png 1024w, https:\/\/entretormentas.com\/wp-content\/uploads\/2024\/12\/image-117-300x225.png 300w, https:\/\/entretormentas.com\/wp-content\/uploads\/2024\/12\/image-117-768x576.png 768w, https:\/\/entretormentas.com\/wp-content\/uploads\/2024\/12\/image-117.png 1080w\" sizes=\"(max-width: 1024px) 100vw, 1024px\" \/><\/figure>\n\n\n\n<p>Esta iniciativa busca proyectar el talento y trabajo de las agrupaciones gaiteras que han venido desarrollando durante el a\u00f1o, llevando alegr\u00eda, uni\u00f3n y cultura al pueblo zuliano en este mes tan especial. Gracias al apoyo del Gobierno Nacional, a trav\u00e9s de la Fundaci\u00f3n Nacional de la Gaita, \u201cGaiteros de Coraz\u00f3n en Navidad\u201d se consolida como una actividad que promueve nuestras ra\u00edces culturales de manera gratuita.<br><strong><em>ET \/ Nota de Prensa<\/em><\/strong><\/p>\n","protected":false},"excerpt":{"rendered":"<p>ENTRE TORMENTAS. En el marco de la celebraci\u00f3n de la Navidad, la Fundaci\u00f3n Nacional de&#8230;<\/p>\n","protected":false},"author":2,"featured_media":11002,"comment_status":"closed","ping_status":"open","sticky":false,"template":"","format":"standard","meta":{"footnotes":""},"categories":[56,1],"tags":[],"class_list":["post-11001","post","type-post","status-publish","format-standard","has-post-thumbnail","hentry","category-destacadas","category-regionales"],"_links":{"self":[{"href":"https:\/\/entretormentas.com\/index.php?rest_route=\/wp\/v2\/posts\/11001","targetHints":{"allow":["GET"]}}],"collection":[{"href":"https:\/\/entretormentas.com\/index.php?rest_route=\/wp\/v2\/posts"}],"about":[{"href":"https:\/\/entretormentas.com\/index.php?rest_route=\/wp\/v2\/types\/post"}],"author":[{"embeddable":true,"href":"https:\/\/entretormentas.com\/index.php?rest_route=\/wp\/v2\/users\/2"}],"replies":[{"embeddable":true,"href":"https:\/\/entretormentas.com\/index.php?rest_route=%2Fwp%2Fv2%2Fcomments&post=11001"}],"version-history":[{"count":1,"href":"https:\/\/entretormentas.com\/index.php?rest_route=\/wp\/v2\/posts\/11001\/revisions"}],"predecessor-version":[{"id":11005,"href":"https:\/\/entretormentas.com\/index.php?rest_route=\/wp\/v2\/posts\/11001\/revisions\/11005"}],"wp:featuredmedia":[{"embeddable":true,"href":"https:\/\/entretormentas.com\/index.php?rest_route=\/wp\/v2\/media\/11002"}],"wp:attachment":[{"href":"https:\/\/entretormentas.com\/index.php?rest_route=%2Fwp%2Fv2%2Fmedia&parent=11001"}],"wp:term":[{"taxonomy":"category","embeddable":true,"href":"https:\/\/entretormentas.com\/index.php?rest_route=%2Fwp%2Fv2%2Fcategories&post=11001"},{"taxonomy":"post_tag","embeddable":true,"href":"https:\/\/entretormentas.com\/index.php?rest_route=%2Fwp%2Fv2%2Ftags&post=11001"}],"curies":[{"name":"wp","href":"https:\/\/api.w.org\/{rel}","templated":true}]}}