{"id":11010,"date":"2024-12-06T08:54:49","date_gmt":"2024-12-06T07:54:49","guid":{"rendered":"https:\/\/entretormentas.com\/?p=11010"},"modified":"2024-12-06T08:54:49","modified_gmt":"2024-12-06T07:54:49","slug":"en-el-centenario-de-su-nacimiento-gobernacion-del-zulia-rendira-honores-al-padre-vilchez","status":"publish","type":"post","link":"https:\/\/entretormentas.com\/en-el-centenario-de-su-nacimiento-gobernacion-del-zulia-rendira-honores-al-padre-vilchez\/","title":{"rendered":"\u00a1EN EL CENTENARIO DE SU NACIMIENTO! Gobernaci\u00f3n del Zulia rendir\u00e1 honores al Padre V\u00edlchez"},"content":{"rendered":"\n<p><strong>ENTRE TORMENTAS. <\/strong>Con una guardia de Honor presidida por el gobernador del Zulia, Manuel Rosales Guerrero, acompa\u00f1ado de su gabinete Ejecutivo, despedir\u00e1 el pr\u00f3ximo s\u00e1bado 7 de diciembre a monse\u00f1or Luis Guillermo V\u00edlchez Soto, cuyos restos mortales ser\u00e1n inhumados y resguardados en el templo parroquial \u201cSant\u00edsimo Cristo de San Francisco\u201d.<\/p>\n\n\n\n<figure class=\"wp-block-image size-full\"><img fetchpriority=\"high\" decoding=\"async\" width=\"624\" height=\"390\" src=\"https:\/\/entretormentas.com\/wp-content\/uploads\/2024\/12\/image-122.png\" alt=\"\" class=\"wp-image-11012\" srcset=\"https:\/\/entretormentas.com\/wp-content\/uploads\/2024\/12\/image-122.png 624w, https:\/\/entretormentas.com\/wp-content\/uploads\/2024\/12\/image-122-300x188.png 300w, https:\/\/entretormentas.com\/wp-content\/uploads\/2024\/12\/image-122-400x250.png 400w\" sizes=\"(max-width: 624px) 100vw, 624px\" \/><\/figure>\n\n\n\n<p>La ceremonia ser\u00e1 realizada tras la exhumaci\u00f3n del d\u00eda antes, el viernes 6 de diciembre, durante una ceremonia estrictamente privada en la que estar\u00e1 presente su familia y parte del clero zuliano. Est\u00e1 previsto que tras la exhumaci\u00f3n sus restos sean trasladados en procesi\u00f3n desde el cementerio municipal San Francisco de As\u00eds a las 4:00 de la tarde del mismo viernes, en hombros de los Servidores de Mar\u00eda y la r\u00e9plica de Nuestra Se\u00f1ora del Rosario de la Chiquinquir\u00e1 que reposa en ese centro parroquial, a la que se sumar\u00e1n la banda \u201cGeneral Rafael Urdaneta\u201d, las autoridades civiles y eclesi\u00e1sticas, sus familiares y el pueblo sanfranciscano.<\/p>\n\n\n\n<p>La celebraci\u00f3n de la Eucarist\u00eda se har\u00e1 en la v\u00edspera del d\u00eda de la Inmaculada Concepci\u00f3n, patrona de la parroquia y de la Vicar\u00eda Episcopal. Ser\u00e1 as\u00ed como, en compa\u00f1\u00eda de las autoridades civiles regionales y municipales, el \u201cPadre V\u00edlchez\u201d ocupar\u00e1 para siempre su sitial en la memoria del pueblo al que dedic\u00f3 su vida y obra.<br><strong><em>ET \/ Nota de Prensa<\/em><\/strong><\/p>\n","protected":false},"excerpt":{"rendered":"<p>ENTRE TORMENTAS. Con una guardia de Honor presidida por el gobernador del Zulia, Manuel Rosales&#8230;<\/p>\n","protected":false},"author":2,"featured_media":11011,"comment_status":"closed","ping_status":"open","sticky":false,"template":"","format":"standard","meta":{"footnotes":""},"categories":[1],"tags":[],"class_list":["post-11010","post","type-post","status-publish","format-standard","has-post-thumbnail","hentry","category-regionales"],"_links":{"self":[{"href":"https:\/\/entretormentas.com\/index.php?rest_route=\/wp\/v2\/posts\/11010","targetHints":{"allow":["GET"]}}],"collection":[{"href":"https:\/\/entretormentas.com\/index.php?rest_route=\/wp\/v2\/posts"}],"about":[{"href":"https:\/\/entretormentas.com\/index.php?rest_route=\/wp\/v2\/types\/post"}],"author":[{"embeddable":true,"href":"https:\/\/entretormentas.com\/index.php?rest_route=\/wp\/v2\/users\/2"}],"replies":[{"embeddable":true,"href":"https:\/\/entretormentas.com\/index.php?rest_route=%2Fwp%2Fv2%2Fcomments&post=11010"}],"version-history":[{"count":1,"href":"https:\/\/entretormentas.com\/index.php?rest_route=\/wp\/v2\/posts\/11010\/revisions"}],"predecessor-version":[{"id":11013,"href":"https:\/\/entretormentas.com\/index.php?rest_route=\/wp\/v2\/posts\/11010\/revisions\/11013"}],"wp:featuredmedia":[{"embeddable":true,"href":"https:\/\/entretormentas.com\/index.php?rest_route=\/wp\/v2\/media\/11011"}],"wp:attachment":[{"href":"https:\/\/entretormentas.com\/index.php?rest_route=%2Fwp%2Fv2%2Fmedia&parent=11010"}],"wp:term":[{"taxonomy":"category","embeddable":true,"href":"https:\/\/entretormentas.com\/index.php?rest_route=%2Fwp%2Fv2%2Fcategories&post=11010"},{"taxonomy":"post_tag","embeddable":true,"href":"https:\/\/entretormentas.com\/index.php?rest_route=%2Fwp%2Fv2%2Ftags&post=11010"}],"curies":[{"name":"wp","href":"https:\/\/api.w.org\/{rel}","templated":true}]}}