{"id":11024,"date":"2024-12-06T09:06:35","date_gmt":"2024-12-06T08:06:35","guid":{"rendered":"https:\/\/entretormentas.com\/?p=11024"},"modified":"2024-12-06T09:06:35","modified_gmt":"2024-12-06T08:06:35","slug":"maduro-responde-a-petro-todo-el-que-mal-ha-hablado-de-venezuela-se-ha-secado","status":"publish","type":"post","link":"https:\/\/entretormentas.com\/maduro-responde-a-petro-todo-el-que-mal-ha-hablado-de-venezuela-se-ha-secado\/","title":{"rendered":"MADURO RESPONDE A PETRO: \u00abTodo el que mal ha hablado de Venezuela se ha secado\u00bb"},"content":{"rendered":"\n<p><strong>ENTRE TORMENTAS. <\/strong>Luego de que el mandatario colombiano Gustavo Petro puso en duda la democracia en Venezuela y cuestion\u00f3 la popularidad del chavismo, el presidente Nicol\u00e1s Maduro respondi\u00f3 que seguir\u00e1 defendiendo la soberan\u00eda ante todos los que buscan hablar mal del pa\u00eds en el mundo.<\/p>\n\n\n\n<p>Durante un acto para la elecci\u00f3n de \u201cjueces de paz\u201d, Maduro cuestion\u00f3 que \u00abhay mucha gente en el mundo que trata de etiquetar a Venezuela, como si tuvieran derecho a etiquetar a Venezuela o meterse en los asuntos internos\u00bb.<\/p>\n\n\n\n<p>\u00ab\u00bfNosotros nos metemos en los asuntos internos de otros pa\u00edses? Ah, pero de otros lados creen que pueden meterse en los asuntos internos\u00bb, manifest\u00f3.<\/p>\n\n\n\n<p><strong>DAR\u00c1 \u00abPOR LA JETA\u00bb A QUIENES HABLAN DEL PA\u00cdS<\/strong><br>El mandatario chavista asegur\u00f3 que los proyectos en Venezuela los eligen las comunidades. \u00ab\u00bfC\u00f3mo se llama eso, dictadura o democracia? Pa\u2019 que escuchen los que tengan o\u00eddo todav\u00eda\u00bb, dijo Maduro.<\/p>\n\n\n\n<p>Petro declar\u00f3 en un acto que en Venezuela \u00abya no saben si es democracia, ya no saben si es revoluci\u00f3n, ya el pueblo no los quiere\u00bb, en referencia al gobierno.<\/p>\n\n\n\n<p>Ante esto, Maduro subray\u00f3: \u00abLa mejor forma de defender nuestra soberan\u00eda, nuestra dignidad y nuestro honor es ejerciendo el poder popular y d\u00e1ndole por la jeta a aquellos que se la pasan hablando pajuatadas de Venezuela en el mundo\u00bb.<\/p>\n\n\n\n<p>Maduro asegur\u00f3 que todo el que se ha metido con Venezuela \u00abse seca\u00bb y que el pa\u00eds seguir\u00e1 su rumbo con alegr\u00eda pese a los comentarios en la comunidad internacional.<\/p>\n\n\n\n<p>\u00abTodo el que se ha metido con Venezuela se ha secado. Todo el que mal ha hablado de Venezuela se ha secado. Todo el que hoy hable o se meta contra Venezuela y su democracia se secar\u00e1 y el pueblo seguir\u00e1 su rumbo feliz y en alegr\u00eda\u00bb, dijo.<br><strong><em>ET \/ El Nacional<\/em><\/strong><\/p>\n","protected":false},"excerpt":{"rendered":"<p>ENTRE TORMENTAS. Luego de que el mandatario colombiano Gustavo Petro puso en duda la democracia&#8230;<\/p>\n","protected":false},"author":2,"featured_media":11025,"comment_status":"closed","ping_status":"open","sticky":false,"template":"","format":"standard","meta":{"footnotes":""},"categories":[56,49],"tags":[],"class_list":["post-11024","post","type-post","status-publish","format-standard","has-post-thumbnail","hentry","category-destacadas","category-nacionales"],"_links":{"self":[{"href":"https:\/\/entretormentas.com\/index.php?rest_route=\/wp\/v2\/posts\/11024","targetHints":{"allow":["GET"]}}],"collection":[{"href":"https:\/\/entretormentas.com\/index.php?rest_route=\/wp\/v2\/posts"}],"about":[{"href":"https:\/\/entretormentas.com\/index.php?rest_route=\/wp\/v2\/types\/post"}],"author":[{"embeddable":true,"href":"https:\/\/entretormentas.com\/index.php?rest_route=\/wp\/v2\/users\/2"}],"replies":[{"embeddable":true,"href":"https:\/\/entretormentas.com\/index.php?rest_route=%2Fwp%2Fv2%2Fcomments&post=11024"}],"version-history":[{"count":1,"href":"https:\/\/entretormentas.com\/index.php?rest_route=\/wp\/v2\/posts\/11024\/revisions"}],"predecessor-version":[{"id":11026,"href":"https:\/\/entretormentas.com\/index.php?rest_route=\/wp\/v2\/posts\/11024\/revisions\/11026"}],"wp:featuredmedia":[{"embeddable":true,"href":"https:\/\/entretormentas.com\/index.php?rest_route=\/wp\/v2\/media\/11025"}],"wp:attachment":[{"href":"https:\/\/entretormentas.com\/index.php?rest_route=%2Fwp%2Fv2%2Fmedia&parent=11024"}],"wp:term":[{"taxonomy":"category","embeddable":true,"href":"https:\/\/entretormentas.com\/index.php?rest_route=%2Fwp%2Fv2%2Fcategories&post=11024"},{"taxonomy":"post_tag","embeddable":true,"href":"https:\/\/entretormentas.com\/index.php?rest_route=%2Fwp%2Fv2%2Ftags&post=11024"}],"curies":[{"name":"wp","href":"https:\/\/api.w.org\/{rel}","templated":true}]}}