{"id":11030,"date":"2024-12-06T09:12:15","date_gmt":"2024-12-06T08:12:15","guid":{"rendered":"https:\/\/entretormentas.com\/?p=11030"},"modified":"2024-12-06T09:12:16","modified_gmt":"2024-12-06T08:12:16","slug":"niegan-que-tengan-ninos-presos-gobierno-tilda-de-farsa-denuncia-de-asedio-en-embajada-de-argentina","status":"publish","type":"post","link":"https:\/\/entretormentas.com\/niegan-que-tengan-ninos-presos-gobierno-tilda-de-farsa-denuncia-de-asedio-en-embajada-de-argentina\/","title":{"rendered":"\u00a1NIEGAN QUE TENGAN NI\u00d1OS PRESOS! Gobierno tilda de farsa denuncia de asedio en Embajada de Argentina"},"content":{"rendered":"\n<p><strong>ENTRE TORMENTAS. <\/strong>El ministro de Interior, Diosdado Cabello, tild\u00f3 de farsa la denuncia de asedio policial por parte de varios de los seis opositores asilados -desde marzo- en la residencia de la Embajada de Argentina en Caracas, donde los refugiados reportaron el corte del servicio el\u00e9ctrico y el impedimento del ingreso de camiones cisterna para abastecerse de agua potable.<\/p>\n\n\n\n<p>\u00abLa farsa de los asilados en la embajada argentina\u00bb, dijo Cabello en su programa semanal \u2018Con el mazo dando\u2019, transmitido por el canal estatal VTV, justo antes de reproducir un video donde se muestran presuntas fotos de bidones de agua y un escrito que dice \u00abentrega de agua potable en la Embajada de Argentina\u00bb.<\/p>\n\n\n\n<figure class=\"wp-block-image size-full\"><img fetchpriority=\"high\" decoding=\"async\" width=\"768\" height=\"497\" src=\"https:\/\/entretormentas.com\/wp-content\/uploads\/2024\/12\/image-131.png\" alt=\"\" class=\"wp-image-11031\" srcset=\"https:\/\/entretormentas.com\/wp-content\/uploads\/2024\/12\/image-131.png 768w, https:\/\/entretormentas.com\/wp-content\/uploads\/2024\/12\/image-131-300x194.png 300w\" sizes=\"(max-width: 768px) 100vw, 768px\" \/><\/figure>\n\n\n\n<p>Asimismo, en el video se exponen m\u00e1s fotos de la supuesta piscina, llena de agua, de la sede diplom\u00e1tica y, adem\u00e1s, im\u00e1genes de los refugiados \u00abdisfrutando de una parrilla\u00bb, seg\u00fan el escrito mostrado en pantalla.<\/p>\n\n\n\n<p><strong>RATIFICA QUE NO HAY NI\u00d1OS DETENIDOS<\/strong><br>Asimismo, el ministro de Interior asegur\u00f3 que en Venezuela no hay ni\u00f1os detenidos, en respuesta al fiscal de la Corte Penal Internacional (CPI), Karim Khan, quien insisti\u00f3 en \u00abla necesidad de proteger los derechos de los civiles, incluidos los ni\u00f1os, y de liberar a quienes est\u00e9n detenidos por motivos pol\u00edticos\u00bb en el pa\u00eds.<\/p>\n\n\n\n<p>\u00abNosotros no tenemos ni\u00f1os presos aqu\u00ed, se\u00f1or Karim Khan. A usted le dieron una informaci\u00f3n errada y est\u00e1 dando declaraciones sobre bases erradas\u00bb, afirm\u00f3 Cabello.<br><strong><em>ET \/ Uni\u00f3n Radio<\/em><\/strong><\/p>\n","protected":false},"excerpt":{"rendered":"<p>ENTRE TORMENTAS. El ministro de Interior, Diosdado Cabello, tild\u00f3 de farsa la denuncia de asedio&#8230;<\/p>\n","protected":false},"author":2,"featured_media":11032,"comment_status":"closed","ping_status":"open","sticky":false,"template":"","format":"standard","meta":{"footnotes":""},"categories":[56,49],"tags":[],"class_list":["post-11030","post","type-post","status-publish","format-standard","has-post-thumbnail","hentry","category-destacadas","category-nacionales"],"_links":{"self":[{"href":"https:\/\/entretormentas.com\/index.php?rest_route=\/wp\/v2\/posts\/11030","targetHints":{"allow":["GET"]}}],"collection":[{"href":"https:\/\/entretormentas.com\/index.php?rest_route=\/wp\/v2\/posts"}],"about":[{"href":"https:\/\/entretormentas.com\/index.php?rest_route=\/wp\/v2\/types\/post"}],"author":[{"embeddable":true,"href":"https:\/\/entretormentas.com\/index.php?rest_route=\/wp\/v2\/users\/2"}],"replies":[{"embeddable":true,"href":"https:\/\/entretormentas.com\/index.php?rest_route=%2Fwp%2Fv2%2Fcomments&post=11030"}],"version-history":[{"count":1,"href":"https:\/\/entretormentas.com\/index.php?rest_route=\/wp\/v2\/posts\/11030\/revisions"}],"predecessor-version":[{"id":11033,"href":"https:\/\/entretormentas.com\/index.php?rest_route=\/wp\/v2\/posts\/11030\/revisions\/11033"}],"wp:featuredmedia":[{"embeddable":true,"href":"https:\/\/entretormentas.com\/index.php?rest_route=\/wp\/v2\/media\/11032"}],"wp:attachment":[{"href":"https:\/\/entretormentas.com\/index.php?rest_route=%2Fwp%2Fv2%2Fmedia&parent=11030"}],"wp:term":[{"taxonomy":"category","embeddable":true,"href":"https:\/\/entretormentas.com\/index.php?rest_route=%2Fwp%2Fv2%2Fcategories&post=11030"},{"taxonomy":"post_tag","embeddable":true,"href":"https:\/\/entretormentas.com\/index.php?rest_route=%2Fwp%2Fv2%2Ftags&post=11030"}],"curies":[{"name":"wp","href":"https:\/\/api.w.org\/{rel}","templated":true}]}}