{"id":11034,"date":"2024-12-06T09:15:36","date_gmt":"2024-12-06T08:15:36","guid":{"rendered":"https:\/\/entretormentas.com\/?p=11034"},"modified":"2024-12-06T09:15:37","modified_gmt":"2024-12-06T08:15:37","slug":"confirmado-por-el-mp-liberan-a-una-adolescente-de-16-anos-detenida-tras-las-elecciones-del-28-jul","status":"publish","type":"post","link":"https:\/\/entretormentas.com\/confirmado-por-el-mp-liberan-a-una-adolescente-de-16-anos-detenida-tras-las-elecciones-del-28-jul\/","title":{"rendered":"\u00a1CONFIRMADO POR EL MP! Liberan a una adolescente de 16 a\u00f1os detenida tras las elecciones del #28-Jul"},"content":{"rendered":"\n<p><strong>ENTRE TORMENTAS. <\/strong>El Ministerio P\u00fablico inform\u00f3 el mi\u00e9rcoles sobre la liberaci\u00f3n de Mariana Gonz\u00e1lez, la adolescente de 16 a\u00f1os que fue detenida en Carabobo en el contexto poselectoral y que recientemente envi\u00f3 una conmovedora carta a su madre en la que dijo sentirse \u201csin fuerzas, sin ganas de vivir\u201d.<\/p>\n\n\n\n<p>A trav\u00e9s de Instagram, el MP detall\u00f3 que, en coordinaci\u00f3n con el Servicio Nacional de Medicina y Ciencias Forenses -adscrito al Ministerio de Interior-, se le realiz\u00f3 una evaluaci\u00f3n m\u00e9dica a la joven, sin precisar m\u00e1s detalles, y fue solicitada la revisi\u00f3n de la medida.<\/p>\n\n\n\n<figure class=\"wp-block-image size-large\"><img fetchpriority=\"high\" decoding=\"async\" width=\"1024\" height=\"683\" src=\"https:\/\/entretormentas.com\/wp-content\/uploads\/2024\/12\/image-133-1024x683.png\" alt=\"\" class=\"wp-image-11035\" srcset=\"https:\/\/entretormentas.com\/wp-content\/uploads\/2024\/12\/image-133-1024x683.png 1024w, https:\/\/entretormentas.com\/wp-content\/uploads\/2024\/12\/image-133-300x200.png 300w, https:\/\/entretormentas.com\/wp-content\/uploads\/2024\/12\/image-133-768x512.png 768w, https:\/\/entretormentas.com\/wp-content\/uploads\/2024\/12\/image-133.png 1320w\" sizes=\"(max-width: 1024px) 100vw, 1024px\" \/><\/figure>\n\n\n\n<p>\u00abDicha solicitud fue acordada ahora por el tribunal correspondiente, encontr\u00e1ndose dicha joven en libertad\u00bb, indic\u00f3 la Fiscal\u00eda.<\/p>\n\n\n\n<p>Este mi\u00e9rcoles, el ministro de Interior, Diosdado Cabello, asegur\u00f3 que en Venezuela no hay ni\u00f1os detenidos, en respuesta al fiscal de la Corte Penal Internacional (CPI), Karim Khan, quien insisti\u00f3 en \u00abla necesidad de proteger los derechos de los civiles, incluidos los ni\u00f1os, y de liberar a quienes est\u00e9n detenidos por motivos pol\u00edticos\u00bb en la naci\u00f3n caribe\u00f1a.<br><strong><em>ET \/ Uni\u00f3n Radio<\/em><\/strong><\/p>\n","protected":false},"excerpt":{"rendered":"<p>ENTRE TORMENTAS. El Ministerio P\u00fablico inform\u00f3 el mi\u00e9rcoles sobre la liberaci\u00f3n de Mariana Gonz\u00e1lez, la&#8230;<\/p>\n","protected":false},"author":2,"featured_media":11036,"comment_status":"closed","ping_status":"open","sticky":false,"template":"","format":"standard","meta":{"footnotes":""},"categories":[56,49],"tags":[],"class_list":["post-11034","post","type-post","status-publish","format-standard","has-post-thumbnail","hentry","category-destacadas","category-nacionales"],"_links":{"self":[{"href":"https:\/\/entretormentas.com\/index.php?rest_route=\/wp\/v2\/posts\/11034","targetHints":{"allow":["GET"]}}],"collection":[{"href":"https:\/\/entretormentas.com\/index.php?rest_route=\/wp\/v2\/posts"}],"about":[{"href":"https:\/\/entretormentas.com\/index.php?rest_route=\/wp\/v2\/types\/post"}],"author":[{"embeddable":true,"href":"https:\/\/entretormentas.com\/index.php?rest_route=\/wp\/v2\/users\/2"}],"replies":[{"embeddable":true,"href":"https:\/\/entretormentas.com\/index.php?rest_route=%2Fwp%2Fv2%2Fcomments&post=11034"}],"version-history":[{"count":1,"href":"https:\/\/entretormentas.com\/index.php?rest_route=\/wp\/v2\/posts\/11034\/revisions"}],"predecessor-version":[{"id":11037,"href":"https:\/\/entretormentas.com\/index.php?rest_route=\/wp\/v2\/posts\/11034\/revisions\/11037"}],"wp:featuredmedia":[{"embeddable":true,"href":"https:\/\/entretormentas.com\/index.php?rest_route=\/wp\/v2\/media\/11036"}],"wp:attachment":[{"href":"https:\/\/entretormentas.com\/index.php?rest_route=%2Fwp%2Fv2%2Fmedia&parent=11034"}],"wp:term":[{"taxonomy":"category","embeddable":true,"href":"https:\/\/entretormentas.com\/index.php?rest_route=%2Fwp%2Fv2%2Fcategories&post=11034"},{"taxonomy":"post_tag","embeddable":true,"href":"https:\/\/entretormentas.com\/index.php?rest_route=%2Fwp%2Fv2%2Ftags&post=11034"}],"curies":[{"name":"wp","href":"https:\/\/api.w.org\/{rel}","templated":true}]}}