{"id":11043,"date":"2024-12-07T11:01:31","date_gmt":"2024-12-07T10:01:31","guid":{"rendered":"https:\/\/entretormentas.com\/?p=11043"},"modified":"2024-12-07T11:01:31","modified_gmt":"2024-12-07T10:01:31","slug":"renovada-alcaldia-de-san-francisco-reinaugura-nueva-sede-dei-instituto-publico-municipal-de-deporte","status":"publish","type":"post","link":"https:\/\/entretormentas.com\/renovada-alcaldia-de-san-francisco-reinaugura-nueva-sede-dei-instituto-publico-municipal-de-deporte\/","title":{"rendered":"\u00a1RENOVADA! Alcald\u00eda de San Francisco reinaugura nueva sede deI Instituto P\u00fablico Municipal de Deporte"},"content":{"rendered":"\n<p><strong>ENTRE TORMENTAS. <\/strong>El alcalde Gustavo Fern\u00e1ndez, acompa\u00f1ado por su equipo de gobierno, reinaugur\u00f3 la sede del Instituto Municipal del Deporte ubicado en el Complejo deportivo Dimas Pi\u00f1a, en el sector Sierra Maestra, de la parroquia Francisco Ochoa.<\/p>\n\n\n\n<p>El ejecutivo municipal de la mano del Imdep, cumplen con la palabra empe\u00f1ada de reacondicionar estos espacios, que permitir\u00e1n la planificaci\u00f3n y ejecuci\u00f3n de eventos deportivos en el municipio San Francisco. As\u00ed como ofrecer\u00e1 atenci\u00f3n directa e integral a los atletas, las academias y clubes del municipio.<\/p>\n\n\n\n<p>El alcalde Gustavo Fern\u00e1ndez, en el acto de inauguraci\u00f3n, agradeci\u00f3 a quienes hicieron posible este logro. \u00abLe doy gracias a Dios de verdad, porque \u00e9ste es un lugar emblem\u00e1tico, de la parroquia Francisco Ochoa, y del deporte, donde no s\u00f3lo funcionar\u00e1 esta instituci\u00f3n, sino tambi\u00e9n la Secretar\u00eda Parroquial, que es un ap\u00e9ndice del gobierno municipal\u201d, expres\u00f3.<\/p>\n\n\n\n<figure class=\"wp-block-image size-large\"><img fetchpriority=\"high\" decoding=\"async\" width=\"1024\" height=\"682\" src=\"https:\/\/entretormentas.com\/wp-content\/uploads\/2024\/12\/image-139-1024x682.png\" alt=\"\" class=\"wp-image-11045\" srcset=\"https:\/\/entretormentas.com\/wp-content\/uploads\/2024\/12\/image-139-1024x682.png 1024w, https:\/\/entretormentas.com\/wp-content\/uploads\/2024\/12\/image-139-300x200.png 300w, https:\/\/entretormentas.com\/wp-content\/uploads\/2024\/12\/image-139-768x512.png 768w, https:\/\/entretormentas.com\/wp-content\/uploads\/2024\/12\/image-139.png 1280w\" sizes=\"(max-width: 1024px) 100vw, 1024px\" \/><\/figure>\n\n\n\n<p>Gerardo Mu\u00f1oz, presidente del Instituto P\u00fablico Municipal de Deporte de San Francisco destac\u00f3 \u201cno hay nada mejor que agradecer siempre la oportunidad, nosotros llegamos ac\u00e1 un 21 de noviembre, y la primera sede que visitamos fue la del Estadio Ordesima, ya que aqu\u00ed comenzamos a jugar b\u00e9isbol, cuando las peque\u00f1as ligas de Sierra Maestra, funcionaban ac\u00e1 al lado. Gracias a la comunidad deportiva por la oportunidad de funcionar en estas instalaciones\u00bb.<\/p>\n\n\n\n<p>\u201cQue m\u00e1s que en este sitio tan emblem\u00e1tico para el f\u00fatbol campo, el softbol, el kikimbol y para el deporte por su cancha de usos m\u00faltiples\u201d expres\u00f3 Mu\u00f1oz seg\u00fan quien, est\u00e1n pendientes con el Registro Nacional de Clubes, que el pr\u00f3ximo a\u00f1o, asegur\u00f3, debe arrancar desde esta nueva sede.<\/p>\n\n\n\n<p>De igual forma en esta misma sede del Deporte, ahora en Sierra Maestra, los interesados podr\u00e1n tramitar la participaci\u00f3n en la selecci\u00f3n para la condecoraci\u00f3n Orden al M\u00e9rito Deportivo Ram\u00f3n Monzant, en su \u00fanica clase, donde se elegir\u00e1 el atleta del a\u00f1o.<\/p>\n\n\n\n<p>El mandatario municipal manifest\u00f3 que San Francisco se enrumba no solo a ser la fuerza econ\u00f3mica, sino tambi\u00e9n la fuerza deportiva del Zulia.<br><strong><em>ET \/ Alcald\u00eda de San Francisco<\/em><\/strong><\/p>\n\n\n\n<p><\/p>\n","protected":false},"excerpt":{"rendered":"<p>ENTRE TORMENTAS. El alcalde Gustavo Fern\u00e1ndez, acompa\u00f1ado por su equipo de gobierno, reinaugur\u00f3 la sede&#8230;<\/p>\n","protected":false},"author":2,"featured_media":11044,"comment_status":"closed","ping_status":"open","sticky":false,"template":"","format":"standard","meta":{"footnotes":""},"categories":[53],"tags":[],"class_list":["post-11043","post","type-post","status-publish","format-standard","has-post-thumbnail","hentry","category-deportes"],"_links":{"self":[{"href":"https:\/\/entretormentas.com\/index.php?rest_route=\/wp\/v2\/posts\/11043","targetHints":{"allow":["GET"]}}],"collection":[{"href":"https:\/\/entretormentas.com\/index.php?rest_route=\/wp\/v2\/posts"}],"about":[{"href":"https:\/\/entretormentas.com\/index.php?rest_route=\/wp\/v2\/types\/post"}],"author":[{"embeddable":true,"href":"https:\/\/entretormentas.com\/index.php?rest_route=\/wp\/v2\/users\/2"}],"replies":[{"embeddable":true,"href":"https:\/\/entretormentas.com\/index.php?rest_route=%2Fwp%2Fv2%2Fcomments&post=11043"}],"version-history":[{"count":1,"href":"https:\/\/entretormentas.com\/index.php?rest_route=\/wp\/v2\/posts\/11043\/revisions"}],"predecessor-version":[{"id":11046,"href":"https:\/\/entretormentas.com\/index.php?rest_route=\/wp\/v2\/posts\/11043\/revisions\/11046"}],"wp:featuredmedia":[{"embeddable":true,"href":"https:\/\/entretormentas.com\/index.php?rest_route=\/wp\/v2\/media\/11044"}],"wp:attachment":[{"href":"https:\/\/entretormentas.com\/index.php?rest_route=%2Fwp%2Fv2%2Fmedia&parent=11043"}],"wp:term":[{"taxonomy":"category","embeddable":true,"href":"https:\/\/entretormentas.com\/index.php?rest_route=%2Fwp%2Fv2%2Fcategories&post=11043"},{"taxonomy":"post_tag","embeddable":true,"href":"https:\/\/entretormentas.com\/index.php?rest_route=%2Fwp%2Fv2%2Ftags&post=11043"}],"curies":[{"name":"wp","href":"https:\/\/api.w.org\/{rel}","templated":true}]}}