{"id":11061,"date":"2024-12-07T11:17:15","date_gmt":"2024-12-07T10:17:15","guid":{"rendered":"https:\/\/entretormentas.com\/?p=11061"},"modified":"2024-12-07T11:17:15","modified_gmt":"2024-12-07T10:17:15","slug":"volvio-la-luz-instalan-transformador-en-el-barrio-dalia-de-fernandez-tras-cuatro-meses-danado","status":"publish","type":"post","link":"https:\/\/entretormentas.com\/volvio-la-luz-instalan-transformador-en-el-barrio-dalia-de-fernandez-tras-cuatro-meses-danado\/","title":{"rendered":"\u00a1VOLVI\u00d3 LA LUZ! Instalan transformador en el barrio Dalia de Fern\u00e1ndez tras cuatro meses da\u00f1ado"},"content":{"rendered":"\n<p><strong>ENTRE TORMENTAS.<\/strong> Gracias a la denuncia de los vecinos y que los medios se hicieran eco, ya fue sustituido el transformador en el barrio Dalia de Fern\u00e1ndez que ten\u00eda cuatro meses da\u00f1ado, y que los habitantes llevaban insistentemente exigiendo a Corpoelec la colocaci\u00f3n de dicho transformador.<\/p>\n\n\n\n<figure class=\"wp-block-image size-large\"><img fetchpriority=\"high\" decoding=\"async\" width=\"768\" height=\"1024\" src=\"https:\/\/entretormentas.com\/wp-content\/uploads\/2024\/12\/image-149-768x1024.png\" alt=\"\" class=\"wp-image-11063\" srcset=\"https:\/\/entretormentas.com\/wp-content\/uploads\/2024\/12\/image-149-768x1024.png 768w, https:\/\/entretormentas.com\/wp-content\/uploads\/2024\/12\/image-149-225x300.png 225w, https:\/\/entretormentas.com\/wp-content\/uploads\/2024\/12\/image-149-1152x1536.png 1152w, https:\/\/entretormentas.com\/wp-content\/uploads\/2024\/12\/image-149-1536x2048.png 1536w, https:\/\/entretormentas.com\/wp-content\/uploads\/2024\/12\/image-149-1024x1365.png 1024w, https:\/\/entretormentas.com\/wp-content\/uploads\/2024\/12\/image-149.png 1728w\" sizes=\"(max-width: 768px) 100vw, 768px\" \/><\/figure>\n\n\n\n<p>Cabe recordar que en sus denuncias los vecinos relataron que llevaban cuatro meses entre el calor y los zancudos, por lo que los d\u00edas se hab\u00edan convertido en un verdadero calvario, pues personas hipertensas y de la tercera edad vivieron momentos desesperantes, de all\u00ed que los habitantes de esta barriada exig\u00edan la pronta sustituci\u00f3n de dicho transformador.<\/p>\n\n\n\n<p>Igualmente la comunidad agradeci\u00f3 a CORPOELEC y a todos los medios de la regi\u00f3n que se hicieron eco de esta noticia, incluso a medios nacionales e internacionales.<br><strong><em>ET \/ Nota de Prensa<\/em><\/strong><\/p>\n","protected":false},"excerpt":{"rendered":"<p>ENTRE TORMENTAS. Gracias a la denuncia de los vecinos y que los medios se hicieran&#8230;<\/p>\n","protected":false},"author":2,"featured_media":11062,"comment_status":"closed","ping_status":"open","sticky":false,"template":"","format":"standard","meta":{"footnotes":""},"categories":[57,1],"tags":[],"class_list":["post-11061","post","type-post","status-publish","format-standard","has-post-thumbnail","hentry","category-actualidad","category-regionales"],"_links":{"self":[{"href":"https:\/\/entretormentas.com\/index.php?rest_route=\/wp\/v2\/posts\/11061","targetHints":{"allow":["GET"]}}],"collection":[{"href":"https:\/\/entretormentas.com\/index.php?rest_route=\/wp\/v2\/posts"}],"about":[{"href":"https:\/\/entretormentas.com\/index.php?rest_route=\/wp\/v2\/types\/post"}],"author":[{"embeddable":true,"href":"https:\/\/entretormentas.com\/index.php?rest_route=\/wp\/v2\/users\/2"}],"replies":[{"embeddable":true,"href":"https:\/\/entretormentas.com\/index.php?rest_route=%2Fwp%2Fv2%2Fcomments&post=11061"}],"version-history":[{"count":1,"href":"https:\/\/entretormentas.com\/index.php?rest_route=\/wp\/v2\/posts\/11061\/revisions"}],"predecessor-version":[{"id":11064,"href":"https:\/\/entretormentas.com\/index.php?rest_route=\/wp\/v2\/posts\/11061\/revisions\/11064"}],"wp:featuredmedia":[{"embeddable":true,"href":"https:\/\/entretormentas.com\/index.php?rest_route=\/wp\/v2\/media\/11062"}],"wp:attachment":[{"href":"https:\/\/entretormentas.com\/index.php?rest_route=%2Fwp%2Fv2%2Fmedia&parent=11061"}],"wp:term":[{"taxonomy":"category","embeddable":true,"href":"https:\/\/entretormentas.com\/index.php?rest_route=%2Fwp%2Fv2%2Fcategories&post=11061"},{"taxonomy":"post_tag","embeddable":true,"href":"https:\/\/entretormentas.com\/index.php?rest_route=%2Fwp%2Fv2%2Ftags&post=11061"}],"curies":[{"name":"wp","href":"https:\/\/api.w.org\/{rel}","templated":true}]}}