{"id":11071,"date":"2024-12-07T11:33:44","date_gmt":"2024-12-07T10:33:44","guid":{"rendered":"https:\/\/entretormentas.com\/?p=11071"},"modified":"2024-12-07T11:33:45","modified_gmt":"2024-12-07T10:33:45","slug":"vuelve-a-su-casa-en-san-francisco-exhuman-los-restos-de-monsenor-luis-guillermo-vilchez","status":"publish","type":"post","link":"https:\/\/entretormentas.com\/vuelve-a-su-casa-en-san-francisco-exhuman-los-restos-de-monsenor-luis-guillermo-vilchez\/","title":{"rendered":"\u00a1VUELVE A SU CASA! En San Francisco exhuman los restos de Monse\u00f1or Luis Guillermo V\u00edlchez"},"content":{"rendered":"\n<p><strong>ENTRE TORMENTAS.<\/strong> Con el prop\u00f3sito de seguir rindiendo tributo al llamado \u00abcurita\u00bb Monse\u00f1or Luis Guillermo V\u00edlchez Soto, este viernes fueron exhumados sus restos mortales, los cuales salieron en procesi\u00f3n custodiados por la imagen de la Virgen de nuestra Se\u00f1ora de Chiquinquir\u00e1 y los Servidores de Mar\u00eda, desde la capilla del Cementerio Municipal, hasta la Iglesia Sant\u00edsimo Cristo de San Francisco.<\/p>\n\n\n\n<p>\u00abEl padre V\u00edlchez fue un l\u00edder social para el municipio San Francisco. La historia hace justicia devolvi\u00e9ndolo a su casa, a la iglesia Sant\u00edsimo Cristo, que logr\u00f3 reconstruir y elevar a Bas\u00edlica Menor. Hoy lo acompa\u00f1amos familiares y la gente que lo quiso para sembrarlo en este espacio que tantas veces comparti\u00f3 para enviar un mensaje de fe, confianza y de futuro. San Francisco est\u00e1 de fiesta, para m\u00ed es el personaje m\u00e1s importante de la historia de nuestro municipio\u00bb resalt\u00f3 el mandatario municipal.<\/p>\n\n\n\n<figure class=\"wp-block-image size-large\"><img fetchpriority=\"high\" decoding=\"async\" width=\"1024\" height=\"708\" src=\"https:\/\/entretormentas.com\/wp-content\/uploads\/2024\/12\/image-155-1024x708.png\" alt=\"\" class=\"wp-image-11073\" srcset=\"https:\/\/entretormentas.com\/wp-content\/uploads\/2024\/12\/image-155-1024x708.png 1024w, https:\/\/entretormentas.com\/wp-content\/uploads\/2024\/12\/image-155-300x208.png 300w, https:\/\/entretormentas.com\/wp-content\/uploads\/2024\/12\/image-155-768x531.png 768w, https:\/\/entretormentas.com\/wp-content\/uploads\/2024\/12\/image-155.png 1080w\" sizes=\"(max-width: 1024px) 100vw, 1024px\" \/><\/figure>\n\n\n\n<p>La vida y legado de este connotado religioso contin\u00faa siendo motivo de celebraci\u00f3n, al realizarse una misa de cuerpo presente presidida por el p\u00e1rroco Leonardo L\u00f3pez, quien elev\u00f3 plegarias por su descanso eterno y reconoci\u00f3 su labor como uno de los personajes m\u00e1s emblem\u00e1ticos que ha contribuido con el desarrollo del municipio San Francisco.<\/p>\n\n\n\n<p>Como parte de las actividades programadas, el alcalde, Gustavo Fern\u00e1ndez, acompa\u00f1ado por Gustavo Ojeda, representante del gobernador Manuel Rosales, los concejales Ronald Prieto, Violeta Soto de Le\u00f3n y familiares rindieron homenaje postmortem como guardias de honor en capilla ardiente a Monse\u00f1or Luis Guillermo V\u00edlchez.<\/p>\n\n\n\n<figure class=\"wp-block-image size-large\"><img decoding=\"async\" width=\"1024\" height=\"682\" src=\"https:\/\/entretormentas.com\/wp-content\/uploads\/2024\/12\/image-156-1024x682.png\" alt=\"\" class=\"wp-image-11074\" srcset=\"https:\/\/entretormentas.com\/wp-content\/uploads\/2024\/12\/image-156-1024x682.png 1024w, https:\/\/entretormentas.com\/wp-content\/uploads\/2024\/12\/image-156-300x200.png 300w, https:\/\/entretormentas.com\/wp-content\/uploads\/2024\/12\/image-156-768x511.png 768w, https:\/\/entretormentas.com\/wp-content\/uploads\/2024\/12\/image-156.png 1080w\" sizes=\"(max-width: 1024px) 100vw, 1024px\" \/><\/figure>\n\n\n\n<p>Feligreses y amigos, se hicieron presente para constatar la vuelta del \u00absocio\u00bb a la casa que lo cobij\u00f3 por m\u00e1s de 50 a\u00f1os, como gu\u00eda espiritual y precursor en el \u00e1mbito educacional, comunicacional, musical, cultural y deportivo en la entidad sure\u00f1a.<\/p>\n\n\n\n<p>El Padre V\u00edlchez desde que emprendi\u00f3 su viaje en bicicleta proveniente de El Caimito, municipio Miranda, en los Puertos de Altagracia, hasta llegar a la Iglesia Sant\u00edsimo Cristo en el a\u00f1o 1953, qued\u00f3 grabado en la memoria y en el coraz\u00f3n de los sanfranciscanos, llevando su obra evangelizadora desde diversos escenarios, dejando una huella indeleble en cada alma que conoci\u00f3 y comparti\u00f3 con este extraordinario hombre de Dios, que hoy es considerado como un hijo ilustre del municipio y orgullo zuliano.<\/p>\n\n\n\n<figure class=\"wp-block-image size-large\"><img decoding=\"async\" width=\"682\" height=\"1024\" src=\"https:\/\/entretormentas.com\/wp-content\/uploads\/2024\/12\/image-157-682x1024.png\" alt=\"\" class=\"wp-image-11075\" srcset=\"https:\/\/entretormentas.com\/wp-content\/uploads\/2024\/12\/image-157-682x1024.png 682w, https:\/\/entretormentas.com\/wp-content\/uploads\/2024\/12\/image-157-200x300.png 200w, https:\/\/entretormentas.com\/wp-content\/uploads\/2024\/12\/image-157.png 719w\" sizes=\"(max-width: 682px) 100vw, 682px\" \/><\/figure>\n\n\n\n<p>Culminada la solemne eucarist\u00eda se procedi\u00f3 a trasladar los restos del Padre V\u00edlchez a la capilla lateral, donde reposar\u00e1n hasta ma\u00f1ana 7 de diciembre, cuando sea inhumado en las instalaciones de la Iglesia Sant\u00edsimo Cristo.<br><strong><em>ET \/ Alcald\u00eda de San Francisco<\/em><\/strong><\/p>\n\n\n\n<p><\/p>\n","protected":false},"excerpt":{"rendered":"<p>ENTRE TORMENTAS. Con el prop\u00f3sito de seguir rindiendo tributo al llamado \u00abcurita\u00bb Monse\u00f1or Luis Guillermo&#8230;<\/p>\n","protected":false},"author":2,"featured_media":11072,"comment_status":"closed","ping_status":"open","sticky":false,"template":"","format":"standard","meta":{"footnotes":""},"categories":[56,1],"tags":[],"class_list":["post-11071","post","type-post","status-publish","format-standard","has-post-thumbnail","hentry","category-destacadas","category-regionales"],"_links":{"self":[{"href":"https:\/\/entretormentas.com\/index.php?rest_route=\/wp\/v2\/posts\/11071","targetHints":{"allow":["GET"]}}],"collection":[{"href":"https:\/\/entretormentas.com\/index.php?rest_route=\/wp\/v2\/posts"}],"about":[{"href":"https:\/\/entretormentas.com\/index.php?rest_route=\/wp\/v2\/types\/post"}],"author":[{"embeddable":true,"href":"https:\/\/entretormentas.com\/index.php?rest_route=\/wp\/v2\/users\/2"}],"replies":[{"embeddable":true,"href":"https:\/\/entretormentas.com\/index.php?rest_route=%2Fwp%2Fv2%2Fcomments&post=11071"}],"version-history":[{"count":1,"href":"https:\/\/entretormentas.com\/index.php?rest_route=\/wp\/v2\/posts\/11071\/revisions"}],"predecessor-version":[{"id":11076,"href":"https:\/\/entretormentas.com\/index.php?rest_route=\/wp\/v2\/posts\/11071\/revisions\/11076"}],"wp:featuredmedia":[{"embeddable":true,"href":"https:\/\/entretormentas.com\/index.php?rest_route=\/wp\/v2\/media\/11072"}],"wp:attachment":[{"href":"https:\/\/entretormentas.com\/index.php?rest_route=%2Fwp%2Fv2%2Fmedia&parent=11071"}],"wp:term":[{"taxonomy":"category","embeddable":true,"href":"https:\/\/entretormentas.com\/index.php?rest_route=%2Fwp%2Fv2%2Fcategories&post=11071"},{"taxonomy":"post_tag","embeddable":true,"href":"https:\/\/entretormentas.com\/index.php?rest_route=%2Fwp%2Fv2%2Ftags&post=11071"}],"curies":[{"name":"wp","href":"https:\/\/api.w.org\/{rel}","templated":true}]}}