{"id":11090,"date":"2024-12-08T11:12:20","date_gmt":"2024-12-08T10:12:20","guid":{"rendered":"https:\/\/entretormentas.com\/?p=11090"},"modified":"2024-12-08T11:12:20","modified_gmt":"2024-12-08T10:12:20","slug":"junto-al-pueblo-sanfranciscano-manuel-rosales-despide-al-padre-vilchez-en-el-templo-del-santisimo-cristo","status":"publish","type":"post","link":"https:\/\/entretormentas.com\/junto-al-pueblo-sanfranciscano-manuel-rosales-despide-al-padre-vilchez-en-el-templo-del-santisimo-cristo\/","title":{"rendered":"\u00a1JUNTO AL PUEBLO SANFRANCISCANO! Manuel Rosales despide al Padre V\u00edlchez en el Templo del Sant\u00edsimo Cristo"},"content":{"rendered":"\n<p><strong>ENTRE TORMENTAS.<\/strong> El gobernador Manuel Rosales Guerrero asisti\u00f3 este 7 de diciembre a la Solemne Eucarist\u00eda con motivo de la inhumaci\u00f3n de los restos de Monse\u00f1or Luis Guillermo V\u00edlchez. La ceremonia tuvo lugar en la iglesia Sant\u00edsimo Cristo del municipio San Francisco, templo que se pasa a ser ahora la morada final de \u00abEl Socio\u00bb.<\/p>\n\n\n\n<p>Luis Guillermo V\u00edlchez Soto, mejor conocido como \u00abPadre V\u00edlchez\u00bb, naci\u00f3 el 24 de abril de 1924 de la uni\u00f3n entre Desiderio Sebasti\u00e1n V\u00edlchez y Josefa Antonia Soto, en El Caimito, municipio Miranda. Era el sexto de siete hermanos: Jes\u00fas Mar\u00eda de la Cruz (Chucho), Carmen Iria, Sebasti\u00e1n (Tatan), Desiderio Segundo (Chicho), Candelaria, Luis Guillermo y Jos\u00e9 Jes\u00fas V\u00edlchez Soto (T\u00edo Hijo).<\/p>\n\n\n\n<figure class=\"wp-block-image size-large\"><img fetchpriority=\"high\" decoding=\"async\" width=\"1024\" height=\"683\" src=\"https:\/\/entretormentas.com\/wp-content\/uploads\/2024\/12\/image-166-1024x683.png\" alt=\"\" class=\"wp-image-11092\" srcset=\"https:\/\/entretormentas.com\/wp-content\/uploads\/2024\/12\/image-166-1024x683.png 1024w, https:\/\/entretormentas.com\/wp-content\/uploads\/2024\/12\/image-166-300x200.png 300w, https:\/\/entretormentas.com\/wp-content\/uploads\/2024\/12\/image-166-768x512.png 768w, https:\/\/entretormentas.com\/wp-content\/uploads\/2024\/12\/image-166.png 1280w\" sizes=\"(max-width: 1024px) 100vw, 1024px\" \/><\/figure>\n\n\n\n<p>Ingres\u00f3 al Seminario Diocesano de Maracaibo el 27 de septiembre de 1937. Culminados sus estudios, recibi\u00f3 la ordenaci\u00f3n sacerdotal en la Santa Iglesia El Sagrario Catedral de los Santos Ap\u00f3stoles San Pedro y San Pablo de Maracaibo, Di\u00f3cesis del Zulia, el 5 de diciembre de 1948, por Monse\u00f1or Marco Sergio Godoy, tercer Obispo del Zulia. Su lema sacerdotal fue \u00abCristo naci\u00f3 por nosotros. Venid, ador\u00e9mosle\u00bb, tomado de la Liturgia de las Horas.<\/p>\n\n\n\n<p><strong>VIDA SACERDOTAL<\/strong><br>Celebr\u00f3 su primera Eucarist\u00eda el 26 de diciembre de 1948, en el Templo Parroquial dedicado a Nuestra Se\u00f1ora de Altagracia, en Los Puertos Mirandinos. Monse\u00f1or Marco Sergio<br>Godoy le design\u00f3 por cinco meses como P\u00e1rroco de la Comunidad de Nuestra Se\u00f1ora de Lourdes, en Isla de Toas, cargo que ejerci\u00f3 durante cinco a\u00f1os. All\u00ed el Padre V\u00edlchez inici\u00f3 dos de sus actividades existenciales m\u00e1s importantes: la m\u00fasica y el deporte.<\/p>\n\n\n\n<p>Seg\u00fan datos del Libro de Gobierno n\u00famero 6 de la comunidad parroquial Sant\u00edsimo Cristo de San Francisco, el 21 de Julio de 1953, Monse\u00f1or Marco Sergio Godoy le entrega al Padre V\u00edlchez su segunda parroquia. Recibe las llaves del Sagrario y del Templo de manos del Eximio Sacerdote \u00c1ngel R\u00edos Carvajal, cargo que ejerci\u00f3 hasta el 30 de agosto de 2013, d\u00eda en que entreg\u00f3 su alma al Sumo y Eterno Sacerdote, Jesucristo el Se\u00f1or.<\/p>\n\n\n\n<figure class=\"wp-block-image size-large\"><img decoding=\"async\" width=\"1024\" height=\"686\" src=\"https:\/\/entretormentas.com\/wp-content\/uploads\/2024\/12\/image-168-1024x686.png\" alt=\"\" class=\"wp-image-11094\" srcset=\"https:\/\/entretormentas.com\/wp-content\/uploads\/2024\/12\/image-168-1024x686.png 1024w, https:\/\/entretormentas.com\/wp-content\/uploads\/2024\/12\/image-168-300x201.png 300w, https:\/\/entretormentas.com\/wp-content\/uploads\/2024\/12\/image-168-768x515.png 768w, https:\/\/entretormentas.com\/wp-content\/uploads\/2024\/12\/image-168.png 1280w\" sizes=\"(max-width: 1024px) 100vw, 1024px\" \/><\/figure>\n\n\n\n<p><strong>COMUNICADOR Y EDUCADOR<\/strong><br>En su af\u00e1n de comunicar la Palabra, el Padre V\u00edlchez impuls\u00f3 los peri\u00f3dicos Lumbre y El Municipal, adem\u00e1s del programa radial Juventud en Marcha, que era transmitido por La Voz de la Fe 580. Fund\u00f3 el Liceo San Francisco, mejor conocido como \u00abEl Liceo del Padre V\u00edlchez\u00bb, y form\u00f3 los conjuntos gaiteros San Francisco, Los Zagalines, Los Zagales y Las Espiguitas del Padre V\u00edlchez.<\/p>\n\n\n\n<figure class=\"wp-block-image size-large\"><img decoding=\"async\" width=\"1024\" height=\"683\" src=\"https:\/\/entretormentas.com\/wp-content\/uploads\/2024\/12\/image-167-1024x683.png\" alt=\"\" class=\"wp-image-11093\" srcset=\"https:\/\/entretormentas.com\/wp-content\/uploads\/2024\/12\/image-167-1024x683.png 1024w, https:\/\/entretormentas.com\/wp-content\/uploads\/2024\/12\/image-167-300x200.png 300w, https:\/\/entretormentas.com\/wp-content\/uploads\/2024\/12\/image-167-768x512.png 768w, https:\/\/entretormentas.com\/wp-content\/uploads\/2024\/12\/image-167.png 1280w\" sizes=\"(max-width: 1024px) 100vw, 1024px\" \/><\/figure>\n\n\n\n<p>En ocasi\u00f3n del centenario de su nacimiento, el gobernador del estado Zulia, Manuel Rosales Guerrero, en Gaceta Oficial Extraordinaria N\u00b0 4149, Decreto N\u00b0 990, cre\u00f3 el 14 de Marzo de 2024 la Comisi\u00f3n Jubilar del Natalicio de Monse\u00f1or Luis Guillermo V\u00edlchez Soto, para garantizar que todo el pueblo zuliano conozca y honre el legado del ilustre Monse\u00f1or, cuya vida marc\u00f3 un antes y un despu\u00e9s en la historia del municipio San Francisco y de todo el Zulia.<br><strong><em>ET \/ Nota de Prensa<\/em><\/strong><\/p>\n","protected":false},"excerpt":{"rendered":"<p>ENTRE TORMENTAS. El gobernador Manuel Rosales Guerrero asisti\u00f3 este 7 de diciembre a la Solemne&#8230;<\/p>\n","protected":false},"author":2,"featured_media":11091,"comment_status":"closed","ping_status":"open","sticky":false,"template":"","format":"standard","meta":{"footnotes":""},"categories":[57,1],"tags":[],"class_list":["post-11090","post","type-post","status-publish","format-standard","has-post-thumbnail","hentry","category-actualidad","category-regionales"],"_links":{"self":[{"href":"https:\/\/entretormentas.com\/index.php?rest_route=\/wp\/v2\/posts\/11090","targetHints":{"allow":["GET"]}}],"collection":[{"href":"https:\/\/entretormentas.com\/index.php?rest_route=\/wp\/v2\/posts"}],"about":[{"href":"https:\/\/entretormentas.com\/index.php?rest_route=\/wp\/v2\/types\/post"}],"author":[{"embeddable":true,"href":"https:\/\/entretormentas.com\/index.php?rest_route=\/wp\/v2\/users\/2"}],"replies":[{"embeddable":true,"href":"https:\/\/entretormentas.com\/index.php?rest_route=%2Fwp%2Fv2%2Fcomments&post=11090"}],"version-history":[{"count":1,"href":"https:\/\/entretormentas.com\/index.php?rest_route=\/wp\/v2\/posts\/11090\/revisions"}],"predecessor-version":[{"id":11095,"href":"https:\/\/entretormentas.com\/index.php?rest_route=\/wp\/v2\/posts\/11090\/revisions\/11095"}],"wp:featuredmedia":[{"embeddable":true,"href":"https:\/\/entretormentas.com\/index.php?rest_route=\/wp\/v2\/media\/11091"}],"wp:attachment":[{"href":"https:\/\/entretormentas.com\/index.php?rest_route=%2Fwp%2Fv2%2Fmedia&parent=11090"}],"wp:term":[{"taxonomy":"category","embeddable":true,"href":"https:\/\/entretormentas.com\/index.php?rest_route=%2Fwp%2Fv2%2Fcategories&post=11090"},{"taxonomy":"post_tag","embeddable":true,"href":"https:\/\/entretormentas.com\/index.php?rest_route=%2Fwp%2Fv2%2Ftags&post=11090"}],"curies":[{"name":"wp","href":"https:\/\/api.w.org\/{rel}","templated":true}]}}