{"id":11108,"date":"2024-12-08T11:29:42","date_gmt":"2024-12-08T10:29:42","guid":{"rendered":"https:\/\/entretormentas.com\/?p=11108"},"modified":"2024-12-08T11:29:42","modified_gmt":"2024-12-08T10:29:42","slug":"al-cumplirse-100-de-su-nacimiento-padre-vilchez-ahora-reposa-en-su-casa-la-iglesia-santisimo-cristo-de-san-francisco","status":"publish","type":"post","link":"https:\/\/entretormentas.com\/al-cumplirse-100-de-su-nacimiento-padre-vilchez-ahora-reposa-en-su-casa-la-iglesia-santisimo-cristo-de-san-francisco\/","title":{"rendered":"\u00a1AL CUMPLIRSE 100 DE SU NACIMIENTO! Padre V\u00edlchez ahora reposa en su casa la iglesia Sant\u00edsimo Cristo de San Francisco"},"content":{"rendered":"\n<p><strong>ENTRE TORMENTAS. <\/strong>En conmemoraci\u00f3n de los 100 a\u00f1os del nacimiento de Monse\u00f1or Luis Guillermo V\u00edlchez Soto, sus restos mortales fueron reubicados a su hogar cristiano, la iglesia Sant\u00edsimo Cristo de San Francisco, donde por 60 a\u00f1os sirvi\u00f3 como vocero de la palabra de Dios.<\/p>\n\n\n\n<figure class=\"wp-block-image size-large\"><img fetchpriority=\"high\" decoding=\"async\" width=\"1024\" height=\"682\" src=\"https:\/\/entretormentas.com\/wp-content\/uploads\/2024\/12\/image-180-1024x682.png\" alt=\"\" class=\"wp-image-11114\" srcset=\"https:\/\/entretormentas.com\/wp-content\/uploads\/2024\/12\/image-180-1024x682.png 1024w, https:\/\/entretormentas.com\/wp-content\/uploads\/2024\/12\/image-180-300x200.png 300w, https:\/\/entretormentas.com\/wp-content\/uploads\/2024\/12\/image-180-768x512.png 768w, https:\/\/entretormentas.com\/wp-content\/uploads\/2024\/12\/image-180.png 1280w\" sizes=\"(max-width: 1024px) 100vw, 1024px\" \/><\/figure>\n\n\n\n<p>Como parte del homenaje, se celebr\u00f3 una solemne eucarist\u00eda en honor al Padre V\u00edlchez, contando con la presencia del gobernador del Zulia, Manuel Rosales Guerrero, el alcalde de San Francisco, Gustavo Fern\u00e1ndez M\u00e9ndez, junto a sus iguales: el alcalde de Lagunillas, Jos\u00e9 Mosquera; la alcaldesa del municipio La Ca\u00f1ada de Urdaneta, Nidia Guti\u00e9rrez y dem\u00e1s invitados especiales del \u00e1mbito municipal y eclesi\u00e1stico.<\/p>\n\n\n\n<figure class=\"wp-block-image size-large\"><img decoding=\"async\" width=\"1024\" height=\"684\" src=\"https:\/\/entretormentas.com\/wp-content\/uploads\/2024\/12\/image-178-1024x684.png\" alt=\"\" class=\"wp-image-11112\" srcset=\"https:\/\/entretormentas.com\/wp-content\/uploads\/2024\/12\/image-178-1024x684.png 1024w, https:\/\/entretormentas.com\/wp-content\/uploads\/2024\/12\/image-178-300x200.png 300w, https:\/\/entretormentas.com\/wp-content\/uploads\/2024\/12\/image-178-768x513.png 768w, https:\/\/entretormentas.com\/wp-content\/uploads\/2024\/12\/image-178.png 1280w\" sizes=\"(max-width: 1024px) 100vw, 1024px\" \/><\/figure>\n\n\n\n<p>Con una marcha de honor por parte de la Banda Rafael Urdaneta, se dio inicio a la ceremonia, que fue presidida por el presb\u00edtero Leonardo L\u00f3pez, quien record\u00f3 a su compa\u00f1ero de profesi\u00f3n, \u201cEl Curita\u201d, como era llamado por muchos, como un hombre de Dios que motiv\u00f3 y cultiv\u00f3 los valores cristianos a trav\u00e9s de otras formas como el deporte, la m\u00fasica, el periodismo y la educaci\u00f3n, utilizando estos escenarios para la evangelizaci\u00f3n.<\/p>\n\n\n\n<figure class=\"wp-block-image size-large\"><img decoding=\"async\" width=\"1024\" height=\"682\" src=\"https:\/\/entretormentas.com\/wp-content\/uploads\/2024\/12\/image-177-1024x682.png\" alt=\"\" class=\"wp-image-11111\" srcset=\"https:\/\/entretormentas.com\/wp-content\/uploads\/2024\/12\/image-177-1024x682.png 1024w, https:\/\/entretormentas.com\/wp-content\/uploads\/2024\/12\/image-177-300x200.png 300w, https:\/\/entretormentas.com\/wp-content\/uploads\/2024\/12\/image-177-768x512.png 768w, https:\/\/entretormentas.com\/wp-content\/uploads\/2024\/12\/image-177.png 1280w\" sizes=\"(max-width: 1024px) 100vw, 1024px\" \/><\/figure>\n\n\n\n<p>Por parte del gobernador Manuel Rosales y el alcalde Gustavo Fern\u00e1ndez se entreg\u00f3 el documento del acto que permit\u00eda la inhumaci\u00f3n de los restos mortales del Padre V\u00edlchez. Entre gaitas, alabanzas y oraciones, Monse\u00f1or Luis Guillermo V\u00edlchez Soto fue colocado en su morada sagrada, para su descanso eterno.<\/p>\n\n\n\n<figure class=\"wp-block-image size-large\"><img loading=\"lazy\" decoding=\"async\" width=\"1024\" height=\"682\" src=\"https:\/\/entretormentas.com\/wp-content\/uploads\/2024\/12\/image-176-1024x682.png\" alt=\"\" class=\"wp-image-11110\" srcset=\"https:\/\/entretormentas.com\/wp-content\/uploads\/2024\/12\/image-176-1024x682.png 1024w, https:\/\/entretormentas.com\/wp-content\/uploads\/2024\/12\/image-176-300x200.png 300w, https:\/\/entretormentas.com\/wp-content\/uploads\/2024\/12\/image-176-768x512.png 768w, https:\/\/entretormentas.com\/wp-content\/uploads\/2024\/12\/image-176.png 1280w\" sizes=\"(max-width: 1024px) 100vw, 1024px\" \/><\/figure>\n\n\n\n<p>Feligreses expresaron su admiraci\u00f3n por este personaje, quienes lo recuerdan como ese hombre de fe que por mucho tiempo fue vecino, hermano y amigo de quien necesitara de Dios.<\/p>\n\n\n\n<figure class=\"wp-block-image size-large\"><img loading=\"lazy\" decoding=\"async\" width=\"1024\" height=\"683\" src=\"https:\/\/entretormentas.com\/wp-content\/uploads\/2024\/12\/image-175-1024x683.png\" alt=\"\" class=\"wp-image-11109\" srcset=\"https:\/\/entretormentas.com\/wp-content\/uploads\/2024\/12\/image-175-1024x683.png 1024w, https:\/\/entretormentas.com\/wp-content\/uploads\/2024\/12\/image-175-300x200.png 300w, https:\/\/entretormentas.com\/wp-content\/uploads\/2024\/12\/image-175-768x512.png 768w, https:\/\/entretormentas.com\/wp-content\/uploads\/2024\/12\/image-175.png 1280w\" sizes=\"(max-width: 1024px) 100vw, 1024px\" \/><\/figure>\n\n\n\n<p>\u201cEl Padre V\u00edlchez para San Francisco es un luchador social. Ayud\u00f3 a las comunidades y nos ense\u00f1\u00f3 lo bonito del amor de Dios. Gracias a todos los entes que permitieron regresar a nuestro Curita a su casa para que todos los d\u00edas escuche gaita\u201d, expres\u00f3 Am\u00e9rico Landino, integrante de la feligres\u00eda de la parroquia Sant\u00edsimo Cristo de San Francisco.<br><strong><em>ET \/ Alcald\u00eda de San Francisco<\/em><\/strong><\/p>\n","protected":false},"excerpt":{"rendered":"<p>ENTRE TORMENTAS. En conmemoraci\u00f3n de los 100 a\u00f1os del nacimiento de Monse\u00f1or Luis Guillermo V\u00edlchez&#8230;<\/p>\n","protected":false},"author":2,"featured_media":11113,"comment_status":"closed","ping_status":"open","sticky":false,"template":"","format":"standard","meta":{"footnotes":""},"categories":[56,1],"tags":[],"class_list":["post-11108","post","type-post","status-publish","format-standard","has-post-thumbnail","hentry","category-destacadas","category-regionales"],"_links":{"self":[{"href":"https:\/\/entretormentas.com\/index.php?rest_route=\/wp\/v2\/posts\/11108","targetHints":{"allow":["GET"]}}],"collection":[{"href":"https:\/\/entretormentas.com\/index.php?rest_route=\/wp\/v2\/posts"}],"about":[{"href":"https:\/\/entretormentas.com\/index.php?rest_route=\/wp\/v2\/types\/post"}],"author":[{"embeddable":true,"href":"https:\/\/entretormentas.com\/index.php?rest_route=\/wp\/v2\/users\/2"}],"replies":[{"embeddable":true,"href":"https:\/\/entretormentas.com\/index.php?rest_route=%2Fwp%2Fv2%2Fcomments&post=11108"}],"version-history":[{"count":1,"href":"https:\/\/entretormentas.com\/index.php?rest_route=\/wp\/v2\/posts\/11108\/revisions"}],"predecessor-version":[{"id":11115,"href":"https:\/\/entretormentas.com\/index.php?rest_route=\/wp\/v2\/posts\/11108\/revisions\/11115"}],"wp:featuredmedia":[{"embeddable":true,"href":"https:\/\/entretormentas.com\/index.php?rest_route=\/wp\/v2\/media\/11113"}],"wp:attachment":[{"href":"https:\/\/entretormentas.com\/index.php?rest_route=%2Fwp%2Fv2%2Fmedia&parent=11108"}],"wp:term":[{"taxonomy":"category","embeddable":true,"href":"https:\/\/entretormentas.com\/index.php?rest_route=%2Fwp%2Fv2%2Fcategories&post=11108"},{"taxonomy":"post_tag","embeddable":true,"href":"https:\/\/entretormentas.com\/index.php?rest_route=%2Fwp%2Fv2%2Ftags&post=11108"}],"curies":[{"name":"wp","href":"https:\/\/api.w.org\/{rel}","templated":true}]}}