{"id":11116,"date":"2024-12-08T11:33:26","date_gmt":"2024-12-08T10:33:26","guid":{"rendered":"https:\/\/entretormentas.com\/?p=11116"},"modified":"2024-12-08T11:33:26","modified_gmt":"2024-12-08T10:33:26","slug":"asumen-los-rebeldes-cayo-la-dictadura-de-bashar-al-assad-tras-mas-de-50-anos-de-dinastia-en-el-poder-en-siria","status":"publish","type":"post","link":"https:\/\/entretormentas.com\/asumen-los-rebeldes-cayo-la-dictadura-de-bashar-al-assad-tras-mas-de-50-anos-de-dinastia-en-el-poder-en-siria\/","title":{"rendered":"\u00a1ASUMEN LOS REBELDES! Cay\u00f3 la dictadura de Bashar Al Assad tras m\u00e1s de 50 a\u00f1os de dinast\u00eda en el poder en Siria"},"content":{"rendered":"\n<p><strong>ENTRE TORMENTAS.<\/strong> Tras 53 a\u00f1os de dinast\u00eda en el poder en Siria, la madrugada del domingo 8 de diciembre cay\u00f3 la dictadura de Bashar Al Assad.<\/p>\n\n\n\n<p>La agencia Reuters report\u00f3 que Al Assad huy\u00f3 de Damasco, en un avi\u00f3n, cuando las fuerzas rebeldes se acercaron a la capital siria, luego de 11 d\u00edas de una veloz ofensiva contra el r\u00e9gimen, en la que lograron tomar el control de importantes ciudades como Alepo, Hama y Homs.<\/p>\n\n\n\n<figure class=\"wp-block-image size-full\"><img fetchpriority=\"high\" decoding=\"async\" width=\"744\" height=\"886\" src=\"https:\/\/entretormentas.com\/wp-content\/uploads\/2024\/12\/image-183.png\" alt=\"\" class=\"wp-image-11119\" srcset=\"https:\/\/entretormentas.com\/wp-content\/uploads\/2024\/12\/image-183.png 744w, https:\/\/entretormentas.com\/wp-content\/uploads\/2024\/12\/image-183-252x300.png 252w\" sizes=\"(max-width: 744px) 100vw, 744px\" \/><\/figure>\n\n\n\n<p>La c\u00fapula militar de Assad, que era apoyado por Rusia e Ir\u00e1n, orden\u00f3 la rendici\u00f3n de sus soldados ante la llegada de los rebeldes a Damasco.<\/p>\n\n\n\n<p>En las redes sociales circularon videos en los que se ve\u00eda a ciudadanos saliendo a las calles a celebrar la llegada de los rebeldes a la capital.<\/p>\n\n\n\n<p>Tras la huida de Al Assad, el primer ministro sirio, Mohamed Ghazi al Jalali, dijo en un video que tiende su mano a \u00abtodo sirio que se interesa por este pa\u00eds para preservar sus instituciones\u00bb.<\/p>\n\n\n\n<figure class=\"wp-block-image size-full\"><img decoding=\"async\" width=\"664\" height=\"686\" src=\"https:\/\/entretormentas.com\/wp-content\/uploads\/2024\/12\/image-182.png\" alt=\"\" class=\"wp-image-11118\" srcset=\"https:\/\/entretormentas.com\/wp-content\/uploads\/2024\/12\/image-182.png 664w, https:\/\/entretormentas.com\/wp-content\/uploads\/2024\/12\/image-182-290x300.png 290w\" sizes=\"(max-width: 664px) 100vw, 664px\" \/><\/figure>\n\n\n\n<p>\u00abEstoy en mi casa, no la he abandonado porque pertenezco a este pa\u00eds y no conozco ning\u00fan otro pa\u00eds. Es mi patria. En estas horas en las que la gente siente preocupaci\u00f3n y temor (\u2026) Yo, por las instituciones del Estado, que no son mi propiedad ni de cualquier otra persona, sino que son de cada ciudadano sirio. Extendemos nuestra mano a todo sirio que se interesa por este pa\u00eds para preservar sus instituciones\u00bb, dijo.<\/p>\n\n\n\n<p>Bashar Al Assad estuvo en el poder desde el a\u00f1o 2000, tras la muerte de su padre, H\u00e1fez Al Assad, quien gobern\u00f3 Siria desde el a\u00f1o 1971.<br><strong><em>ET \/ Agencias<\/em><\/strong><\/p>\n","protected":false},"excerpt":{"rendered":"<p>ENTRE TORMENTAS. Tras 53 a\u00f1os de dinast\u00eda en el poder en Siria, la madrugada del&#8230;<\/p>\n","protected":false},"author":2,"featured_media":11117,"comment_status":"closed","ping_status":"open","sticky":false,"template":"","format":"standard","meta":{"footnotes":""},"categories":[56,48],"tags":[],"class_list":["post-11116","post","type-post","status-publish","format-standard","has-post-thumbnail","hentry","category-destacadas","category-internacionales"],"_links":{"self":[{"href":"https:\/\/entretormentas.com\/index.php?rest_route=\/wp\/v2\/posts\/11116","targetHints":{"allow":["GET"]}}],"collection":[{"href":"https:\/\/entretormentas.com\/index.php?rest_route=\/wp\/v2\/posts"}],"about":[{"href":"https:\/\/entretormentas.com\/index.php?rest_route=\/wp\/v2\/types\/post"}],"author":[{"embeddable":true,"href":"https:\/\/entretormentas.com\/index.php?rest_route=\/wp\/v2\/users\/2"}],"replies":[{"embeddable":true,"href":"https:\/\/entretormentas.com\/index.php?rest_route=%2Fwp%2Fv2%2Fcomments&post=11116"}],"version-history":[{"count":1,"href":"https:\/\/entretormentas.com\/index.php?rest_route=\/wp\/v2\/posts\/11116\/revisions"}],"predecessor-version":[{"id":11120,"href":"https:\/\/entretormentas.com\/index.php?rest_route=\/wp\/v2\/posts\/11116\/revisions\/11120"}],"wp:featuredmedia":[{"embeddable":true,"href":"https:\/\/entretormentas.com\/index.php?rest_route=\/wp\/v2\/media\/11117"}],"wp:attachment":[{"href":"https:\/\/entretormentas.com\/index.php?rest_route=%2Fwp%2Fv2%2Fmedia&parent=11116"}],"wp:term":[{"taxonomy":"category","embeddable":true,"href":"https:\/\/entretormentas.com\/index.php?rest_route=%2Fwp%2Fv2%2Fcategories&post=11116"},{"taxonomy":"post_tag","embeddable":true,"href":"https:\/\/entretormentas.com\/index.php?rest_route=%2Fwp%2Fv2%2Ftags&post=11116"}],"curies":[{"name":"wp","href":"https:\/\/api.w.org\/{rel}","templated":true}]}}