{"id":11124,"date":"2024-12-09T09:09:42","date_gmt":"2024-12-09T08:09:42","guid":{"rendered":"https:\/\/entretormentas.com\/?p=11124"},"modified":"2024-12-09T09:09:43","modified_gmt":"2024-12-09T08:09:43","slug":"48-toneladas-diarias-adicionales-san-francisco-preparado-para-contrarrestar-aumento-de-desechos-por-temporada-navidena","status":"publish","type":"post","link":"https:\/\/entretormentas.com\/48-toneladas-diarias-adicionales-san-francisco-preparado-para-contrarrestar-aumento-de-desechos-por-temporada-navidena\/","title":{"rendered":"\u00a148 TONELADAS DIARIAS ADICIONALES! San Francisco preparado para contrarrestar aumento de desechos por temporada navide\u00f1a"},"content":{"rendered":"\n<p><strong>ENTRE TORMENTAS. <\/strong>La gesti\u00f3n del alcalde Gustavo Fern\u00e1ndez, a trav\u00e9s del Instituto Municipal de Ambiente y Aseo Urbano (Imasur), contin\u00faa optimizando esfuerzos por mantener el municipio libre de desechos s\u00f3lidos y vegetales, esparcidos indiscriminadamente en las siete parroquias que conforman el territorio sure\u00f1o, aun cuando en la temporada navide\u00f1a las cifras han aumentado de dos mil 800 toneladas semanales a tres mil 136 aproximadamente.<\/p>\n\n\n\n<p>Carlos Calles, presidente de Imasur, destac\u00f3 que la generaci\u00f3n de desechos s\u00f3lidos en esta temporada, responde a un comportamiento normal de los ciudadanos, situaci\u00f3n por la que desde la alcald\u00eda de San Francisco tienen un plan de contingencia activo para atender el incremento de basura semanal en todo el municipio. \u201cEstamos en todas las avenidas y calles como cada d\u00eda para trabajar en el embellecimiento y el ornato, en esta \u00e9poca se genera un 12 por ciento m\u00e1s de lo normal en basura\u201d, lo que equivale a 48 toneladas diarias adicionales a las cantidades regulares.<\/p>\n\n\n\n<figure class=\"wp-block-image size-large\"><img fetchpriority=\"high\" decoding=\"async\" width=\"1024\" height=\"768\" src=\"https:\/\/entretormentas.com\/wp-content\/uploads\/2024\/12\/image-187-1024x768.png\" alt=\"\" class=\"wp-image-11127\" srcset=\"https:\/\/entretormentas.com\/wp-content\/uploads\/2024\/12\/image-187-1024x768.png 1024w, https:\/\/entretormentas.com\/wp-content\/uploads\/2024\/12\/image-187-300x225.png 300w, https:\/\/entretormentas.com\/wp-content\/uploads\/2024\/12\/image-187-768x576.png 768w, https:\/\/entretormentas.com\/wp-content\/uploads\/2024\/12\/image-187-1536x1152.png 1536w, https:\/\/entretormentas.com\/wp-content\/uploads\/2024\/12\/image-187-2048x1536.png 2048w\" sizes=\"(max-width: 1024px) 100vw, 1024px\" \/><\/figure>\n\n\n\n<p>En cuanto al retraso de la recolecci\u00f3n domiciliaria de desechos s\u00f3lidos, Carlos Calles, precis\u00f3 que hasta ahora han podido recuperar las unidades de camiones compactadores que se hab\u00edan da\u00f1ado en d\u00edas pasados. \u00abLas lluvias tambi\u00e9n han mermado, por lo que se nos ha facilitado mucho m\u00e1s el trabajo de recolecci\u00f3n por parroquias, a\u00fan cuando presentamos ciertos obst\u00e1culos como la falta de combustible\u00bb, se\u00f1al\u00f3.<\/p>\n\n\n\n<p>Adem\u00e1s, sobre los desechos vegetales, el presidente de Imasur, recomend\u00f3 direccionarlos al \u201cPunto Verde\u201d, establecido en las instalaciones de dicho instituto, para que no queden en las carreteras libremente, ya que cuando se secan, por lo general, personas inescrupulosas las queman, perjudicando a los habitantes de las comunidades con problemas respiratorios.<\/p>\n\n\n\n<p>Javier Solano, director de aseo urbano y domiciliario de Imasur, inform\u00f3 que tienen trabajando en diferentes sectores del municipio, 17 camiones compactadores, cumpliendo con las rutas de recolecci\u00f3n de desechos s\u00f3lidos casa por casa. \u201cEstamos aumentando los operativos a nivel de las v\u00edas principales y alrededor de las ca\u00f1adas, hoy estamos activos en la avenida 5, partiendo desde la Plaza de las Banderas hasta El Bajo, as\u00ed como tambi\u00e9n desde el Carro Chocado hasta el Parque Sur, tambi\u00e9n tenemos maquinaria como tres retroexcavadoras, un cargador, y dos volquetas para reforzar lo que cotidianamente hacemos en los domicilios\u201d, indic\u00f3 Javier Solano.<\/p>\n\n\n\n<figure class=\"wp-block-image size-large\"><img decoding=\"async\" width=\"1024\" height=\"576\" src=\"https:\/\/entretormentas.com\/wp-content\/uploads\/2024\/12\/image-186-1024x576.png\" alt=\"\" class=\"wp-image-11126\" srcset=\"https:\/\/entretormentas.com\/wp-content\/uploads\/2024\/12\/image-186-1024x576.png 1024w, https:\/\/entretormentas.com\/wp-content\/uploads\/2024\/12\/image-186-300x169.png 300w, https:\/\/entretormentas.com\/wp-content\/uploads\/2024\/12\/image-186-768x432.png 768w, https:\/\/entretormentas.com\/wp-content\/uploads\/2024\/12\/image-186.png 1280w\" sizes=\"(max-width: 1024px) 100vw, 1024px\" \/><\/figure>\n\n\n\n<p>Desde la alcald\u00eda de San Francisco, el equipo de trabajo de Imasur, contin\u00faa atendiendo las denuncias de todos los ciudadanos, con el fin de brindar el mejor de los servicios p\u00fablicos en las comunidades y de embellecer cada rinc\u00f3n de las parroquias sanfranciscanas.<br><strong><em>ET \/ Alcald\u00eda de San Francisco<\/em><\/strong><\/p>\n\n\n\n<p><\/p>\n","protected":false},"excerpt":{"rendered":"<p>ENTRE TORMENTAS. La gesti\u00f3n del alcalde Gustavo Fern\u00e1ndez, a trav\u00e9s del Instituto Municipal de Ambiente&#8230;<\/p>\n","protected":false},"author":2,"featured_media":11125,"comment_status":"closed","ping_status":"open","sticky":false,"template":"","format":"standard","meta":{"footnotes":""},"categories":[57,1],"tags":[],"class_list":["post-11124","post","type-post","status-publish","format-standard","has-post-thumbnail","hentry","category-actualidad","category-regionales"],"_links":{"self":[{"href":"https:\/\/entretormentas.com\/index.php?rest_route=\/wp\/v2\/posts\/11124","targetHints":{"allow":["GET"]}}],"collection":[{"href":"https:\/\/entretormentas.com\/index.php?rest_route=\/wp\/v2\/posts"}],"about":[{"href":"https:\/\/entretormentas.com\/index.php?rest_route=\/wp\/v2\/types\/post"}],"author":[{"embeddable":true,"href":"https:\/\/entretormentas.com\/index.php?rest_route=\/wp\/v2\/users\/2"}],"replies":[{"embeddable":true,"href":"https:\/\/entretormentas.com\/index.php?rest_route=%2Fwp%2Fv2%2Fcomments&post=11124"}],"version-history":[{"count":1,"href":"https:\/\/entretormentas.com\/index.php?rest_route=\/wp\/v2\/posts\/11124\/revisions"}],"predecessor-version":[{"id":11128,"href":"https:\/\/entretormentas.com\/index.php?rest_route=\/wp\/v2\/posts\/11124\/revisions\/11128"}],"wp:featuredmedia":[{"embeddable":true,"href":"https:\/\/entretormentas.com\/index.php?rest_route=\/wp\/v2\/media\/11125"}],"wp:attachment":[{"href":"https:\/\/entretormentas.com\/index.php?rest_route=%2Fwp%2Fv2%2Fmedia&parent=11124"}],"wp:term":[{"taxonomy":"category","embeddable":true,"href":"https:\/\/entretormentas.com\/index.php?rest_route=%2Fwp%2Fv2%2Fcategories&post=11124"},{"taxonomy":"post_tag","embeddable":true,"href":"https:\/\/entretormentas.com\/index.php?rest_route=%2Fwp%2Fv2%2Ftags&post=11124"}],"curies":[{"name":"wp","href":"https:\/\/api.w.org\/{rel}","templated":true}]}}