{"id":11143,"date":"2024-12-09T09:24:16","date_gmt":"2024-12-09T08:24:16","guid":{"rendered":"https:\/\/entretormentas.com\/?p=11143"},"modified":"2024-12-09T09:24:16","modified_gmt":"2024-12-09T08:24:16","slug":"con-miras-al-10-en-maduro-prepara-planes-de-defensa-para-la-integridad-del-pais","status":"publish","type":"post","link":"https:\/\/entretormentas.com\/con-miras-al-10-en-maduro-prepara-planes-de-defensa-para-la-integridad-del-pais\/","title":{"rendered":"\u00a1CON MIRAS AL #10-EN! Maduro prepara planes de defensa para la integridad del pa\u00eds"},"content":{"rendered":"\n<p><strong>ENTRE TORMENTAS.<\/strong> El presidente Nicol\u00e1s Maduro lider\u00f3 este viernes un encuentro con comandantes de las Unidades Superiores y T\u00e1cticas de la Fuerza Armada Nacional Bolivariana (FANB) con el fin de articular planes en defensa de la integridad del pa\u00eds.<\/p>\n\n\n\n<p>Maduro apunt\u00f3 que esta acci\u00f3n se da en respuesta a las constantes amenazas de sectores extremistas. \u00abTodo esto es para que Venezuela siga su rumbo en paz\u00bb, expres\u00f3.<\/p>\n\n\n\n<p>Reiter\u00f3 que la FANB es garant\u00eda de paz, seguridad y tranquilidad para los venezolanos. \u00abComo lo dijo Bol\u00edvar, el mejor gobierno es el que proporciona la mayor estabilidad pol\u00edtica, seguridad social y felicidad a su pueblo\u00bb, se\u00f1al\u00f3 el jefe de Estado.<\/p>\n\n\n\n<p>Al encuentro asisti\u00f3 el Ministro de Interior, Justicia y Paz, Diosdado Cabello; el titular de la cartera de Defensa, Vladimir Padrino L\u00f3pez, entre otros altos funcionarios.<br><strong><em>ET \/ Agencias<\/em><\/strong><\/p>\n","protected":false},"excerpt":{"rendered":"<p>ENTRE TORMENTAS. El presidente Nicol\u00e1s Maduro lider\u00f3 este viernes un encuentro con comandantes de las&#8230;<\/p>\n","protected":false},"author":2,"featured_media":11144,"comment_status":"closed","ping_status":"open","sticky":false,"template":"","format":"standard","meta":{"footnotes":""},"categories":[56,49],"tags":[],"class_list":["post-11143","post","type-post","status-publish","format-standard","has-post-thumbnail","hentry","category-destacadas","category-nacionales"],"_links":{"self":[{"href":"https:\/\/entretormentas.com\/index.php?rest_route=\/wp\/v2\/posts\/11143","targetHints":{"allow":["GET"]}}],"collection":[{"href":"https:\/\/entretormentas.com\/index.php?rest_route=\/wp\/v2\/posts"}],"about":[{"href":"https:\/\/entretormentas.com\/index.php?rest_route=\/wp\/v2\/types\/post"}],"author":[{"embeddable":true,"href":"https:\/\/entretormentas.com\/index.php?rest_route=\/wp\/v2\/users\/2"}],"replies":[{"embeddable":true,"href":"https:\/\/entretormentas.com\/index.php?rest_route=%2Fwp%2Fv2%2Fcomments&post=11143"}],"version-history":[{"count":1,"href":"https:\/\/entretormentas.com\/index.php?rest_route=\/wp\/v2\/posts\/11143\/revisions"}],"predecessor-version":[{"id":11145,"href":"https:\/\/entretormentas.com\/index.php?rest_route=\/wp\/v2\/posts\/11143\/revisions\/11145"}],"wp:featuredmedia":[{"embeddable":true,"href":"https:\/\/entretormentas.com\/index.php?rest_route=\/wp\/v2\/media\/11144"}],"wp:attachment":[{"href":"https:\/\/entretormentas.com\/index.php?rest_route=%2Fwp%2Fv2%2Fmedia&parent=11143"}],"wp:term":[{"taxonomy":"category","embeddable":true,"href":"https:\/\/entretormentas.com\/index.php?rest_route=%2Fwp%2Fv2%2Fcategories&post=11143"},{"taxonomy":"post_tag","embeddable":true,"href":"https:\/\/entretormentas.com\/index.php?rest_route=%2Fwp%2Fv2%2Ftags&post=11143"}],"curies":[{"name":"wp","href":"https:\/\/api.w.org\/{rel}","templated":true}]}}