{"id":11146,"date":"2024-12-09T09:29:01","date_gmt":"2024-12-09T08:29:01","guid":{"rendered":"https:\/\/entretormentas.com\/?p=11146"},"modified":"2024-12-09T09:29:01","modified_gmt":"2024-12-09T08:29:01","slug":"sin-mayores-detalles-mas-de-70-presos-fueron-trasladados-desde-carcel-de-guarico-por-supuestos-planes-violentos-para-el-10-ene","status":"publish","type":"post","link":"https:\/\/entretormentas.com\/sin-mayores-detalles-mas-de-70-presos-fueron-trasladados-desde-carcel-de-guarico-por-supuestos-planes-violentos-para-el-10-ene\/","title":{"rendered":"\u00a1SIN MAYORES DETALLES! M\u00e1s de 70 presos fueron trasladados desde c\u00e1rcel de Gu\u00e1rico por supuestos \u00abplanes violentos\u00bb para el #10-Ene"},"content":{"rendered":"\n<p><strong>ENTRE TORMENTAS.<\/strong> Al menos 76 presos o \u00abpranes\u00bb de la c\u00e1rcel \u201926 de Julio\u2019, situada en el estado Gu\u00e1rico, habr\u00edan sido trasladados a otro centro de reclusi\u00f3n por presuntos \u00abplanes violentos\u00bb que pensaban ejecutar antes del 10 de enero.<\/p>\n\n\n\n<p>La informaci\u00f3n la dio a conocer el periodista Eligio Rojas en su cuenta de X (Twitter). Indic\u00f3 que autoridades militares intervinieron ese centro, ubicado en San Juan de los Morros.<\/p>\n\n\n\n<p>\u00abNo hubo ninguna baja ni heridos\u00bb, se\u00f1al\u00f3 un jefe militar que particip\u00f3 en la operaci\u00f3n, denominada \u2018Gran Cacique Guaicaipuro\u2019. Esta estuvo a cargo de la Fuerza Armada Nacional Bolivariana (FANB).<\/p>\n\n\n\n<p>Trascendi\u00f3 que a dichos presos los apartaron del resto de la poblaci\u00f3n reclusa en la madrugada de este s\u00e1bado.<\/p>\n\n\n\n<p>Supuestamente, estos 76 reclusos tambi\u00e9n ejerc\u00edan control sobre los \u00abbienes y servicios del establecimiento carcelario\u00bb, seg\u00fan lo rese\u00f1ado por \u00daltimas Noticias.<\/p>\n\n\n\n<p>Sobre la c\u00e1rcel \u201926 de Julio\u2019, es el penal con la poblaci\u00f3n reclusa m\u00e1s grande del pa\u00eds, con un total de dis mil 36 privados de libertad.<\/p>\n\n\n\n<figure class=\"wp-block-image size-full\"><img fetchpriority=\"high\" decoding=\"async\" width=\"860\" height=\"484\" src=\"https:\/\/entretormentas.com\/wp-content\/uploads\/2024\/12\/image-195.png\" alt=\"\" class=\"wp-image-11147\" srcset=\"https:\/\/entretormentas.com\/wp-content\/uploads\/2024\/12\/image-195.png 860w, https:\/\/entretormentas.com\/wp-content\/uploads\/2024\/12\/image-195-300x169.png 300w, https:\/\/entretormentas.com\/wp-content\/uploads\/2024\/12\/image-195-768x432.png 768w\" sizes=\"(max-width: 860px) 100vw, 860px\" \/><\/figure>\n\n\n\n<p><strong>PRESOS DE LAS PROTESTAS TRASLADADOS A TOCOR\u00d3N<\/strong><br>El pasado jueves, familiares de presos pol\u00edticos denunciaron que se realizaron traslados irregulares desde el penal de Yare III hasta el Centro Penitenciario de Aragua, en Tocor\u00f3n.<\/p>\n\n\n\n<p>\u00abAnte la falta de informaci\u00f3n de las autoridades, un grupo de parientes de los j\u00f3venes detenidos siguieron a las unidades de transporte, que efectuaron el traslado durante la madrugada de este jueves, y pudieron confirmar que los llevaron al Centro Penitenciario de Aragua, en Tocor\u00f3n\u00bb, inform\u00f3 el Observatorio Venezolano de Prisiones en X (Twitter).<\/p>\n\n\n\n<p>\u00abEn las adyacencias del penal de Tocor\u00f3n, las madres le gritan a sus hijos que tengan fuerza y les piden a los j\u00f3venes que van dentro de las unidades de transporte que les avisen a sus hijos que est\u00e1n afuera. Se presume que los muchachos trasladados son oriundos de Anzo\u00e1tegui, Miranda y Portuguesa\u00bb, a\u00f1adi\u00f3 la ONG.<\/p>\n\n\n\n<p>Asimismo, la ONG insisti\u00f3 que a estas personas las detuvieron \u00abarbitrariamente\u00bb en el contexto de las manifestaciones poselectorales.<br><strong><em>ET \/ Agencias<\/em><\/strong><\/p>\n\n\n\n<p><\/p>\n","protected":false},"excerpt":{"rendered":"<p>ENTRE TORMENTAS. Al menos 76 presos o \u00abpranes\u00bb de la c\u00e1rcel \u201926 de Julio\u2019, situada&#8230;<\/p>\n","protected":false},"author":2,"featured_media":11148,"comment_status":"closed","ping_status":"open","sticky":false,"template":"","format":"standard","meta":{"footnotes":""},"categories":[56,49],"tags":[],"class_list":["post-11146","post","type-post","status-publish","format-standard","has-post-thumbnail","hentry","category-destacadas","category-nacionales"],"_links":{"self":[{"href":"https:\/\/entretormentas.com\/index.php?rest_route=\/wp\/v2\/posts\/11146","targetHints":{"allow":["GET"]}}],"collection":[{"href":"https:\/\/entretormentas.com\/index.php?rest_route=\/wp\/v2\/posts"}],"about":[{"href":"https:\/\/entretormentas.com\/index.php?rest_route=\/wp\/v2\/types\/post"}],"author":[{"embeddable":true,"href":"https:\/\/entretormentas.com\/index.php?rest_route=\/wp\/v2\/users\/2"}],"replies":[{"embeddable":true,"href":"https:\/\/entretormentas.com\/index.php?rest_route=%2Fwp%2Fv2%2Fcomments&post=11146"}],"version-history":[{"count":1,"href":"https:\/\/entretormentas.com\/index.php?rest_route=\/wp\/v2\/posts\/11146\/revisions"}],"predecessor-version":[{"id":11149,"href":"https:\/\/entretormentas.com\/index.php?rest_route=\/wp\/v2\/posts\/11146\/revisions\/11149"}],"wp:featuredmedia":[{"embeddable":true,"href":"https:\/\/entretormentas.com\/index.php?rest_route=\/wp\/v2\/media\/11148"}],"wp:attachment":[{"href":"https:\/\/entretormentas.com\/index.php?rest_route=%2Fwp%2Fv2%2Fmedia&parent=11146"}],"wp:term":[{"taxonomy":"category","embeddable":true,"href":"https:\/\/entretormentas.com\/index.php?rest_route=%2Fwp%2Fv2%2Fcategories&post=11146"},{"taxonomy":"post_tag","embeddable":true,"href":"https:\/\/entretormentas.com\/index.php?rest_route=%2Fwp%2Fv2%2Ftags&post=11146"}],"curies":[{"name":"wp","href":"https:\/\/api.w.org\/{rel}","templated":true}]}}