{"id":11159,"date":"2024-12-10T09:17:30","date_gmt":"2024-12-10T08:17:30","guid":{"rendered":"https:\/\/entretormentas.com\/?p=11159"},"modified":"2024-12-10T09:17:30","modified_gmt":"2024-12-10T08:17:30","slug":"cierre-cultural-trece-escuelas-de-san-francisco-participan-en-festival-de-villancicos","status":"publish","type":"post","link":"https:\/\/entretormentas.com\/cierre-cultural-trece-escuelas-de-san-francisco-participan-en-festival-de-villancicos\/","title":{"rendered":"\u00a1CIERRE CULTURAL! Trece escuelas de San Francisco participan en festival de villancicos"},"content":{"rendered":"\n<p><strong>ENTRE TORMENTAS.<\/strong> Como parte del cierre cultural del Proyecto Educativo Zuliano (PEZ), las secretar\u00edas de educaci\u00f3n estadal junto a la direcci\u00f3n de educaci\u00f3n del municipio San Francisco, realizaron en las instalaciones del auditorio Doctor Humberto Fern\u00e1ndez Mor\u00e1n, del ayuntamiento municipal un festival de villancicos, donde participaron 13 escuelas, para un total de 100 ni\u00f1os asistentes.\u00a0<\/p>\n\n\n\n<p>Argenis Albornoz, director de educaci\u00f3n de la alcald\u00eda, refiri\u00f3 \u201cEstas actividades nos llenan de emoci\u00f3n, nos conducen a que cada d\u00eda tratemos de buscar ese horizonte, de mantener el bienestar de los ni\u00f1os en las escuelas. Gracias a nuestro gobernador Manuel Rosales, quien lidera el proyecto PEZ, y a nuestro alcalde Gustavo Fern\u00e1ndez por apoyar estas iniciativas que refuerzan los valores en los peque\u00f1os\u201d.&nbsp;<\/p>\n\n\n\n<figure class=\"wp-block-image size-large\"><img fetchpriority=\"high\" decoding=\"async\" width=\"1024\" height=\"768\" src=\"https:\/\/entretormentas.com\/wp-content\/uploads\/2024\/12\/image-203-1024x768.png\" alt=\"\" class=\"wp-image-11161\" srcset=\"https:\/\/entretormentas.com\/wp-content\/uploads\/2024\/12\/image-203-1024x768.png 1024w, https:\/\/entretormentas.com\/wp-content\/uploads\/2024\/12\/image-203-300x225.png 300w, https:\/\/entretormentas.com\/wp-content\/uploads\/2024\/12\/image-203-768x576.png 768w, https:\/\/entretormentas.com\/wp-content\/uploads\/2024\/12\/image-203.png 1280w\" sizes=\"(max-width: 1024px) 100vw, 1024px\" \/><\/figure>\n\n\n\n<p>A su vez, brind\u00f3 un agradecimiento especial a Idelmary Morales, jefa de las escuelas estadales en el municipio San Francisco. Tambi\u00e9n a Violeta Soto, concejal del municipio, quien hizo acto de presencia en esta actividad navide\u00f1a, y dem\u00e1s integrantes de la direcci\u00f3n, as\u00ed como a los padres y profesores, quienes fueron aliados importantes para la realizaci\u00f3n de la festividad<\/p>\n\n\n\n<p>Las escuelas participantes fueron: C.E.I. Giraluna, U.E.E. Canto y Juego, U.E.E. San Francisco, U.E.E. Josefa Morales, U.E.E. San Miguel Arc\u00e1ngel, U.E.E. Herm\u00f3genes M\u00e9ndez, U.E. Jes\u00fas Enrique Lozada, U.E.E. 19 de Abril, U.E.E. Luisa de Simoes, U.E.E. Nelson Guti\u00e9rrez, U.E.E. V\u00edctor Padilla, U.E. Eugenio S\u00e1nchez Garc\u00eda, E.B.E. Marxiolina Florido.&nbsp;<\/p>\n\n\n\n<p>Representantes de las instituciones agradecieron al l\u00edder estadal Manuel Rosales y al municipal Gustavo Fern\u00e1ndez por apoyar el arte y sobre todo, impulsar la educaci\u00f3n. \u201cMe parece muy bien la realizaci\u00f3n de estas actividades donde los valores culturales prevalecen. As\u00ed, los ni\u00f1os, desde la diversi\u00f3n, el arte y la m\u00fasica, se contin\u00faan educando en cosas positivas\u201d, expres\u00f3 Siluz Oropeza, representante de la instituci\u00f3n 19 de Abril.<br><strong><em>ET \/ Alcald\u00eda de San Francisco<\/em><\/strong><\/p>\n","protected":false},"excerpt":{"rendered":"<p>ENTRE TORMENTAS. Como parte del cierre cultural del Proyecto Educativo Zuliano (PEZ), las secretar\u00edas de&#8230;<\/p>\n","protected":false},"author":2,"featured_media":11160,"comment_status":"closed","ping_status":"open","sticky":false,"template":"","format":"standard","meta":{"footnotes":""},"categories":[1],"tags":[],"class_list":["post-11159","post","type-post","status-publish","format-standard","has-post-thumbnail","hentry","category-regionales"],"_links":{"self":[{"href":"https:\/\/entretormentas.com\/index.php?rest_route=\/wp\/v2\/posts\/11159","targetHints":{"allow":["GET"]}}],"collection":[{"href":"https:\/\/entretormentas.com\/index.php?rest_route=\/wp\/v2\/posts"}],"about":[{"href":"https:\/\/entretormentas.com\/index.php?rest_route=\/wp\/v2\/types\/post"}],"author":[{"embeddable":true,"href":"https:\/\/entretormentas.com\/index.php?rest_route=\/wp\/v2\/users\/2"}],"replies":[{"embeddable":true,"href":"https:\/\/entretormentas.com\/index.php?rest_route=%2Fwp%2Fv2%2Fcomments&post=11159"}],"version-history":[{"count":1,"href":"https:\/\/entretormentas.com\/index.php?rest_route=\/wp\/v2\/posts\/11159\/revisions"}],"predecessor-version":[{"id":11162,"href":"https:\/\/entretormentas.com\/index.php?rest_route=\/wp\/v2\/posts\/11159\/revisions\/11162"}],"wp:featuredmedia":[{"embeddable":true,"href":"https:\/\/entretormentas.com\/index.php?rest_route=\/wp\/v2\/media\/11160"}],"wp:attachment":[{"href":"https:\/\/entretormentas.com\/index.php?rest_route=%2Fwp%2Fv2%2Fmedia&parent=11159"}],"wp:term":[{"taxonomy":"category","embeddable":true,"href":"https:\/\/entretormentas.com\/index.php?rest_route=%2Fwp%2Fv2%2Fcategories&post=11159"},{"taxonomy":"post_tag","embeddable":true,"href":"https:\/\/entretormentas.com\/index.php?rest_route=%2Fwp%2Fv2%2Ftags&post=11159"}],"curies":[{"name":"wp","href":"https:\/\/api.w.org\/{rel}","templated":true}]}}