{"id":11163,"date":"2024-12-10T09:20:36","date_gmt":"2024-12-10T08:20:36","guid":{"rendered":"https:\/\/entretormentas.com\/?p=11163"},"modified":"2024-12-10T09:20:36","modified_gmt":"2024-12-10T08:20:36","slug":"gobernacion-activa-inicia-recuperacion-y-modernizacion-vial-en-el-barrio-los-andes-de-maracaibo","status":"publish","type":"post","link":"https:\/\/entretormentas.com\/gobernacion-activa-inicia-recuperacion-y-modernizacion-vial-en-el-barrio-los-andes-de-maracaibo\/","title":{"rendered":"\u00a1GOBERNACI\u00d3N ACTIVA! Inicia recuperaci\u00f3n y modernizaci\u00f3n vial en el barrio Los Andes de Maracaibo"},"content":{"rendered":"\n<p><strong>ENTRE TORMENTAS. <\/strong>El proyecto de modernizaci\u00f3n y recuperaci\u00f3n vial en el barrio Los Andes de Maracaibo dio inicio, bajo la administraci\u00f3n de la Gobernaci\u00f3n del Zulia, a trav\u00e9s del Centro Rafael Urdaneta (CRU).<\/p>\n\n\n\n<p>Este esfuerzo, enfocado en mejorar la infraestructura vial de este sector en la parroquia Manuel Dagnino, busca brindar una mejor calidad de vida a los habitantes de la zona.<\/p>\n\n\n\n<p><strong>MODERNIZACI\u00d3N VIAL<\/strong><br>Las obras contemplan la recuperaci\u00f3n vial de la calle 107, la calle 107B y varias v\u00edas adyacentes. Con la ejecuci\u00f3n de esta obra se intervendr\u00e1n m\u00e1s de 1.5 kil\u00f3metros de vialidad en este sector de la capital zuliana.<\/p>\n\n\n\n<p>Se tiene previsto la construcci\u00f3n de muros de concreto, aceras y brocales; as\u00ed como la colocaci\u00f3n de 790,33 toneladas de mezcla asf\u00e1ltica y la demarcaci\u00f3n de 1.59 kil\u00f3metros de l\u00edneas continuas, zona escolar, pasos peatonales y se\u00f1ales de pare. El equipo del CRU tambi\u00e9n llevar\u00e1 a cabo la limpieza de colectores para mejorar el sistema de alcantarillado.<\/p>\n\n\n\n<figure class=\"wp-block-image size-full\"><img fetchpriority=\"high\" decoding=\"async\" width=\"474\" height=\"231\" src=\"https:\/\/entretormentas.com\/wp-content\/uploads\/2024\/12\/image-204.png\" alt=\"\" class=\"wp-image-11164\" srcset=\"https:\/\/entretormentas.com\/wp-content\/uploads\/2024\/12\/image-204.png 474w, https:\/\/entretormentas.com\/wp-content\/uploads\/2024\/12\/image-204-300x146.png 300w\" sizes=\"(max-width: 474px) 100vw, 474px\" \/><\/figure>\n\n\n\n<p>El barrio Los Andes, que limita al noroeste con el barrio La Misi\u00f3n, al este con Santa Clara 2 y Altamira Norte, al sur con El Pinar y El Pajar Santa Clara, y al oeste con Lago Azul, ser\u00e1 objeto de una transformaci\u00f3n significativa que mejorar\u00e1 la conectividad y la seguridad vial.<\/p>\n\n\n\n<p>Las principales v\u00edas que rodean el barrio son la calle 113, las avenidas 24, 23, 19C y 19G, que atraviesan la zona. La calle 107, que se conecta con la calle Los Andes, a su vez enlaza con la calle 107B, una calle crucial que facilita el acceso desde la Autopista 1 y conecta con la calle 112.<\/p>\n\n\n\n<p><strong>M\u00c1S DE 98 MIL BENEFICIADOS<\/strong><br>Este proyecto trae consigo un impacto positivo considerable para los aproximadamente 98 mil 526 habitantes de la parroquia Manuel Dagnino. La pavimentaci\u00f3n de estas calles no solo mejorar\u00e1 la comunicaci\u00f3n vial en el barrio, sino que tambi\u00e9n optimizar\u00e1 la calidad de vida, proporcionando un tr\u00e1nsito peatonal y vehicular m\u00e1s seguro. La unidad educativa ubicada en la calle 107 se beneficiar\u00e1 enormemente con la construcci\u00f3n de aceras y brocales, facilitando un acceso m\u00e1s seguro y r\u00e1pido para estudiantes y trabajadores.<\/p>\n\n\n\n<p>Asimismo,el reasfaltado de la calle 107B facilitar\u00e1 un acceso m\u00e1s eficiente al barrio desde la Autopista 1, mejorando la conectividad con las principales calles del sector, como la 112 y la 107. Adem\u00e1s, la intervenci\u00f3n en las v\u00edas adyacentes har\u00e1 m\u00e1s accesible la comunicaci\u00f3n interna entre estas arterias.<\/p>\n\n\n\n<p>Este proyecto, que actualmente est\u00e1 en ejecuci\u00f3n, representa un compromiso firme de la Gobernaci\u00f3n del Zulia con el desarrollo y la mejora de la infraestructura vial en el barrio Los Andes, asegurando un entorno m\u00e1s seguro y accesible para todos sus habitantes.<br><strong><em>ET \/ Nota de Prensa<\/em><\/strong><\/p>\n\n\n\n<p><\/p>\n","protected":false},"excerpt":{"rendered":"<p>ENTRE TORMENTAS. El proyecto de modernizaci\u00f3n y recuperaci\u00f3n vial en el barrio Los Andes de&#8230;<\/p>\n","protected":false},"author":2,"featured_media":11165,"comment_status":"closed","ping_status":"open","sticky":false,"template":"","format":"standard","meta":{"footnotes":""},"categories":[57,1],"tags":[],"class_list":["post-11163","post","type-post","status-publish","format-standard","has-post-thumbnail","hentry","category-actualidad","category-regionales"],"_links":{"self":[{"href":"https:\/\/entretormentas.com\/index.php?rest_route=\/wp\/v2\/posts\/11163","targetHints":{"allow":["GET"]}}],"collection":[{"href":"https:\/\/entretormentas.com\/index.php?rest_route=\/wp\/v2\/posts"}],"about":[{"href":"https:\/\/entretormentas.com\/index.php?rest_route=\/wp\/v2\/types\/post"}],"author":[{"embeddable":true,"href":"https:\/\/entretormentas.com\/index.php?rest_route=\/wp\/v2\/users\/2"}],"replies":[{"embeddable":true,"href":"https:\/\/entretormentas.com\/index.php?rest_route=%2Fwp%2Fv2%2Fcomments&post=11163"}],"version-history":[{"count":1,"href":"https:\/\/entretormentas.com\/index.php?rest_route=\/wp\/v2\/posts\/11163\/revisions"}],"predecessor-version":[{"id":11166,"href":"https:\/\/entretormentas.com\/index.php?rest_route=\/wp\/v2\/posts\/11163\/revisions\/11166"}],"wp:featuredmedia":[{"embeddable":true,"href":"https:\/\/entretormentas.com\/index.php?rest_route=\/wp\/v2\/media\/11165"}],"wp:attachment":[{"href":"https:\/\/entretormentas.com\/index.php?rest_route=%2Fwp%2Fv2%2Fmedia&parent=11163"}],"wp:term":[{"taxonomy":"category","embeddable":true,"href":"https:\/\/entretormentas.com\/index.php?rest_route=%2Fwp%2Fv2%2Fcategories&post=11163"},{"taxonomy":"post_tag","embeddable":true,"href":"https:\/\/entretormentas.com\/index.php?rest_route=%2Fwp%2Fv2%2Ftags&post=11163"}],"curies":[{"name":"wp","href":"https:\/\/api.w.org\/{rel}","templated":true}]}}