{"id":11171,"date":"2024-12-10T09:26:29","date_gmt":"2024-12-10T08:26:29","guid":{"rendered":"https:\/\/entretormentas.com\/?p=11171"},"modified":"2024-12-10T09:26:30","modified_gmt":"2024-12-10T08:26:30","slug":"cumpliendo-gobernacion-presenta-ante-el-clez-el-proyecto-de-ley-de-presupuesto-para-el-ejercicio-fiscal-2025","status":"publish","type":"post","link":"https:\/\/entretormentas.com\/cumpliendo-gobernacion-presenta-ante-el-clez-el-proyecto-de-ley-de-presupuesto-para-el-ejercicio-fiscal-2025\/","title":{"rendered":"\u00a1CUMPLIENDO! Gobernaci\u00f3n presenta ante el Clez el Proyecto de Ley de Presupuesto para el Ejercicio Fiscal 2025"},"content":{"rendered":"\n<p><strong>ENTRE TORMENTAS. <\/strong>La Gobernaci\u00f3n del estado Zulia present\u00f3 ante el Consejo Legislativo el Proyecto de Ley de Presupuesto para el Ejercicio Fiscal 2025 y el Plan Operativo Anual. La secretaria de Administraci\u00f3n y Finanzas del Zulia, Mar\u00eda Antonieta Rinc\u00f3n, en nombre del gobernador del estado, Manuel Rosales, hizo la consignaci\u00f3n del Proyecto en sesi\u00f3n especial del Clez, presidida por Iraida Villasmil; el vicepresidente, Otto Pi\u00f1ero; el presidente de la Comisi\u00f3n de Finanzas, Justo Berm\u00fadez; y dem\u00e1s legisladores que conformaron el quorum, este lunes 9 de diciembre de 2024, de acuerdo a lo estipulado por la Constituci\u00f3n de la Rep\u00fablica Bolivariana de Venezuela y la normativa legal regional.<\/p>\n\n\n\n<p>\u00abHoy, en nombre del gobernador del estado Zulia, Manuel Rosales Guerrero, estamos consignando el Proyecto de Ley de Presupuesto 2025, compuesto por el Situado Constitucional y los ingresos propios, que no es m\u00e1s que los tributos estadales, y cuyos gastos est\u00e1n dise\u00f1ados con el firme prop\u00f3sito de impulsar una gesti\u00f3n p\u00fablica responsable, eficiente y transparente, orientados a satisfacer todas las demandas y necesidades de la poblaci\u00f3n zuliana\u00bb, dijo Rinc\u00f3n frente al hemiciclo.<\/p>\n\n\n\n<figure class=\"wp-block-image size-large\"><img fetchpriority=\"high\" decoding=\"async\" width=\"1024\" height=\"682\" src=\"https:\/\/entretormentas.com\/wp-content\/uploads\/2024\/12\/image-209-1024x682.png\" alt=\"\" class=\"wp-image-11173\" srcset=\"https:\/\/entretormentas.com\/wp-content\/uploads\/2024\/12\/image-209-1024x682.png 1024w, https:\/\/entretormentas.com\/wp-content\/uploads\/2024\/12\/image-209-300x200.png 300w, https:\/\/entretormentas.com\/wp-content\/uploads\/2024\/12\/image-209-768x512.png 768w, https:\/\/entretormentas.com\/wp-content\/uploads\/2024\/12\/image-209-1536x1024.png 1536w, https:\/\/entretormentas.com\/wp-content\/uploads\/2024\/12\/image-209-2048x1365.png 2048w\" sizes=\"(max-width: 1024px) 100vw, 1024px\" \/><\/figure>\n\n\n\n<p>Este presupuesto est\u00e1 conformado por el Situado Constitucional y los Tributos Estadales que corresponden a una pol\u00edtica de gesti\u00f3n de optimizaci\u00f3n de los recursos econ\u00f3micos, formulada con un equilibrio presupuestario, 50% para gastos operativos, administrativos y personal; y un 50 % para los gastos de inversi\u00f3n en obras de infraestructura, programas sociales en las \u00e1reas de Salud, Educaci\u00f3n, Deporte, Turismo, Cultura, Tecnolog\u00eda, Seguridad, entre otros.&nbsp;<\/p>\n\n\n\n<p>Cabe destacar que hasta los momentos la Gobernaci\u00f3n del estado Zulia no ha recibido por parte del Gobierno Nacional lo que corresponde al Fondo de Compensaci\u00f3n Interterritorial.<\/p>\n\n\n\n<p>\u00abEste presupuesto no es solo una proyecci\u00f3n de n\u00fameros, es un compromiso con la calidad de vida de cada zuliano. A trav\u00e9s de su ejecuci\u00f3n transformaremos las dificultades en oportunidades. Y avanzaremos hacia un futuro lleno de esperanza y bienestar para todos los zulianos\u00bb, afirm\u00f3 Rinc\u00f3n.<\/p>\n\n\n\n<p>\u00abAgradezco el respaldo constante de este Consejo Legislativo, cuyas decisiones son cruciales para lograr la prosperidad que todos deseamos para nuestra regi\u00f3n\u00bb, dijo la secretaria de Administraci\u00f3n y Finanzas, acompa\u00f1ada por el secretario de Planificaci\u00f3n, Am\u00e9rico Araujo, y la subsecretaria de Presupuesto, Norka V\u00e1squez.<\/p>\n\n\n\n<p>La presidenta del Clez, Iraida Villasmil, asegur\u00f3 una vez aprobada esta consignaci\u00f3n, los legisladores se abocar\u00e1n a dar respuesta en primera y segunda discusi\u00f3n del Proyecto de Ley del Presupuesto del Zulia 2025, en las pr\u00f3xima sesiones ordinarias.<br><strong><em>ET \/ Nota de Prensa<\/em><\/strong><\/p>\n\n\n\n<p><\/p>\n","protected":false},"excerpt":{"rendered":"<p>ENTRE TORMENTAS. La Gobernaci\u00f3n del estado Zulia present\u00f3 ante el Consejo Legislativo el Proyecto de&#8230;<\/p>\n","protected":false},"author":2,"featured_media":11172,"comment_status":"closed","ping_status":"open","sticky":false,"template":"","format":"standard","meta":{"footnotes":""},"categories":[57,1],"tags":[],"class_list":["post-11171","post","type-post","status-publish","format-standard","has-post-thumbnail","hentry","category-actualidad","category-regionales"],"_links":{"self":[{"href":"https:\/\/entretormentas.com\/index.php?rest_route=\/wp\/v2\/posts\/11171","targetHints":{"allow":["GET"]}}],"collection":[{"href":"https:\/\/entretormentas.com\/index.php?rest_route=\/wp\/v2\/posts"}],"about":[{"href":"https:\/\/entretormentas.com\/index.php?rest_route=\/wp\/v2\/types\/post"}],"author":[{"embeddable":true,"href":"https:\/\/entretormentas.com\/index.php?rest_route=\/wp\/v2\/users\/2"}],"replies":[{"embeddable":true,"href":"https:\/\/entretormentas.com\/index.php?rest_route=%2Fwp%2Fv2%2Fcomments&post=11171"}],"version-history":[{"count":1,"href":"https:\/\/entretormentas.com\/index.php?rest_route=\/wp\/v2\/posts\/11171\/revisions"}],"predecessor-version":[{"id":11174,"href":"https:\/\/entretormentas.com\/index.php?rest_route=\/wp\/v2\/posts\/11171\/revisions\/11174"}],"wp:featuredmedia":[{"embeddable":true,"href":"https:\/\/entretormentas.com\/index.php?rest_route=\/wp\/v2\/media\/11172"}],"wp:attachment":[{"href":"https:\/\/entretormentas.com\/index.php?rest_route=%2Fwp%2Fv2%2Fmedia&parent=11171"}],"wp:term":[{"taxonomy":"category","embeddable":true,"href":"https:\/\/entretormentas.com\/index.php?rest_route=%2Fwp%2Fv2%2Fcategories&post=11171"},{"taxonomy":"post_tag","embeddable":true,"href":"https:\/\/entretormentas.com\/index.php?rest_route=%2Fwp%2Fv2%2Ftags&post=11171"}],"curies":[{"name":"wp","href":"https:\/\/api.w.org\/{rel}","templated":true}]}}