{"id":11181,"date":"2024-12-10T09:33:27","date_gmt":"2024-12-10T08:33:27","guid":{"rendered":"https:\/\/entretormentas.com\/?p=11181"},"modified":"2024-12-10T09:33:27","modified_gmt":"2024-12-10T08:33:27","slug":"definitivo-oficina-de-ddhh-de-la-onu-trabaja-para-reanudar-actividades-en-venezuela","status":"publish","type":"post","link":"https:\/\/entretormentas.com\/definitivo-oficina-de-ddhh-de-la-onu-trabaja-para-reanudar-actividades-en-venezuela\/","title":{"rendered":"\u00a1DEFINITIVO! Oficina de DDHH de la ONU trabaja para reanudar actividades en Venezuela"},"content":{"rendered":"\n<p><strong>ENTRE TORMENTAS. <\/strong>La Oficina de Derechos Humanos de la ONU en Venezuela reanud\u00f3 parcialmente sus actividades, despu\u00e9s de que en febrero \u00e9stas fueran suspendidas por orden de las autoridades, y est\u00e1 haciendo todos los esfuerzos de su parte para \u00abvolver por completo\u00bb, indic\u00f3 este lunes el alto comisionado de la ONU para los derechos humanos, Volker T\u00fcrk.<\/p>\n\n\n\n<p>\u00abEsperamos poder hacer (en Venezuela) cosas que ya hac\u00edamos en el pasado, como visitar prisiones, hacer monitoreo de juicios y comentarios sobre la legislaci\u00f3n\u00bb, subray\u00f3 en la rueda de prensa que celebra anualmente en v\u00edsperas del D\u00eda Internacional de los Derechos Humanos.<\/p>\n\n\n\n<p>Pese a la suspensi\u00f3n, que implic\u00f3 la expulsi\u00f3n de Venezuela de los trabajadores que operaban para esta entidad, la Oficina para los Derechos Humanos \u00abha podido permanecer en contacto con las autoridades gubernamentales y con los defensores de derechos humanos, la sociedad civil y miembros de la oposici\u00f3n\u00bb, se\u00f1al\u00f3 T\u00fcrk.<\/p>\n\n\n\n<p>\u00abHa habido algunas liberaciones, pero queremos que haya m\u00e1s, es absolutamente crucial, y tambi\u00e9n esperamos que haya un enfoque renovado en unir a los diferentes actores pol\u00edticos para forjar un futuro para el pa\u00eds\u00bb, concluy\u00f3.<\/p>\n\n\n\n<p>T\u00fcrk visit\u00f3 Venezuela en enero de 2023 y entonces se acord\u00f3 que la oficina operar\u00eda durante dos a\u00f1os m\u00e1s.<br><strong><em>ET \/ EFE<\/em><\/strong><\/p>\n","protected":false},"excerpt":{"rendered":"<p>ENTRE TORMENTAS. La Oficina de Derechos Humanos de la ONU en Venezuela reanud\u00f3 parcialmente sus&#8230;<\/p>\n","protected":false},"author":2,"featured_media":11182,"comment_status":"closed","ping_status":"open","sticky":false,"template":"","format":"standard","meta":{"footnotes":""},"categories":[56,49],"tags":[],"class_list":["post-11181","post","type-post","status-publish","format-standard","has-post-thumbnail","hentry","category-destacadas","category-nacionales"],"_links":{"self":[{"href":"https:\/\/entretormentas.com\/index.php?rest_route=\/wp\/v2\/posts\/11181","targetHints":{"allow":["GET"]}}],"collection":[{"href":"https:\/\/entretormentas.com\/index.php?rest_route=\/wp\/v2\/posts"}],"about":[{"href":"https:\/\/entretormentas.com\/index.php?rest_route=\/wp\/v2\/types\/post"}],"author":[{"embeddable":true,"href":"https:\/\/entretormentas.com\/index.php?rest_route=\/wp\/v2\/users\/2"}],"replies":[{"embeddable":true,"href":"https:\/\/entretormentas.com\/index.php?rest_route=%2Fwp%2Fv2%2Fcomments&post=11181"}],"version-history":[{"count":1,"href":"https:\/\/entretormentas.com\/index.php?rest_route=\/wp\/v2\/posts\/11181\/revisions"}],"predecessor-version":[{"id":11183,"href":"https:\/\/entretormentas.com\/index.php?rest_route=\/wp\/v2\/posts\/11181\/revisions\/11183"}],"wp:featuredmedia":[{"embeddable":true,"href":"https:\/\/entretormentas.com\/index.php?rest_route=\/wp\/v2\/media\/11182"}],"wp:attachment":[{"href":"https:\/\/entretormentas.com\/index.php?rest_route=%2Fwp%2Fv2%2Fmedia&parent=11181"}],"wp:term":[{"taxonomy":"category","embeddable":true,"href":"https:\/\/entretormentas.com\/index.php?rest_route=%2Fwp%2Fv2%2Fcategories&post=11181"},{"taxonomy":"post_tag","embeddable":true,"href":"https:\/\/entretormentas.com\/index.php?rest_route=%2Fwp%2Fv2%2Ftags&post=11181"}],"curies":[{"name":"wp","href":"https:\/\/api.w.org\/{rel}","templated":true}]}}