{"id":11184,"date":"2024-12-10T09:35:22","date_gmt":"2024-12-10T08:35:22","guid":{"rendered":"https:\/\/entretormentas.com\/?p=11184"},"modified":"2024-12-10T09:35:23","modified_gmt":"2024-12-10T08:35:23","slug":"diosdado-cabello-estamos-librando-una-de-las-batallas-mas-grandes-que-pueblo-alguno-haya-dado","status":"publish","type":"post","link":"https:\/\/entretormentas.com\/diosdado-cabello-estamos-librando-una-de-las-batallas-mas-grandes-que-pueblo-alguno-haya-dado\/","title":{"rendered":"DIOSDADO CABELLO: Estamos librando una de las batallas m\u00e1s grandes que pueblo alguno haya dado"},"content":{"rendered":"\n<p><strong>ENTRE TORMENTAS. <\/strong>El vicepresidente sectorial de Pol\u00edtica, Seguridad Ciudadana y Paz, Diosdado Cabello, expres\u00f3 este lunes que en Venezuela, 200 a\u00f1os despu\u00e9s de la batalla de Ayacucho, \u201cestamos librando una de las batallas m\u00e1s grandes que pueblo alguno haya dado\u201d.<\/p>\n\n\n\n<p>El tambi\u00e9n ministro para Relaciones Interiores, Justicia y Paz intervino durante el acto de ofrenda floral al Libertador Sim\u00f3n Bol\u00edvar realizado en el Pante\u00f3n Nacional de Caracas en el marco del bicentenario, rese\u00f1\u00f3 \u00daltimas Noticias.<\/p>\n\n\n\n<p>Cabello destac\u00f3 la excelente relaci\u00f3n existente entre Sim\u00f3n Bol\u00edvar y Antonio Jos\u00e9 de Sucre, as\u00ed como su lucha por la independencia de la patria.<\/p>\n\n\n\n<p>\u201cHoy 200 a\u00f1os despu\u00e9s, sus hijos e hijas, estamos librando una de las batallas m\u00e1s grandes que pueblo alguno haya dado. Es injusto tratar de disminuir las luchas independentistas de hace 200 a\u00f1os, se enfrentaban al imperio espa\u00f1ol, al imperio m\u00e1s poderoso de aquella \u00e9poca, b\u00e1rbaros, genocidas, terribles asesinos\u201d, declar\u00f3.<\/p>\n\n\n\n<p>El vicepresidente sectorial enfatiz\u00f3 \u00abque 200 a\u00f1os despu\u00e9s los hijos de Sucre, Bol\u00edvar y del comandante Hugo Ch\u00e1vez, estamos enfrentando al imperio m\u00e1s poderoso de todos los tiempos y no tengo ninguna duda que como en Ayacucho levantaremos esa bandera que levant\u00f3 el comandante Ch\u00e1vez (\u2026) la bandera de la libertad, de las luchas de los pueblos libres\u201d.<\/p>\n\n\n\n<p>Cabello record\u00f3 varias acciones emprendidas por Bol\u00edvar y Sucre que hicieron posible la victoria en Ayacucho, afirmando que \u201cnosotros en esencia somos la continuaci\u00f3n de Ayacucho\u201d.<\/p>\n\n\n\n<p>\u201cSi antes era Espa\u00f1a ahora es Estados Unidos. Son los mismos, los mismos intereses, con sus aliados, los que se creen due\u00f1os del mundo. Ese ej\u00e9rcito libertador de hace 200 a\u00f1os hoy est\u00e1 constituido por la fusi\u00f3n popular-militar-policial en las calles, en las escuelas, en los hospitales, en los cuarteles, en la vida de todos los d\u00edas\u201d, afirm\u00f3.<\/p>\n\n\n\n<p>Asimismo, manifest\u00f3 que en estos 25 a\u00f1os de revoluci\u00f3n se gener\u00f3 una consciencia colectiva que va m\u00e1s all\u00e1 de los intereses particulares, \u201csiembra de nuestro comandante Hugo Ch\u00e1vez\u201d.<\/p>\n\n\n\n<p>Cabello expres\u00f3 a los miembros de la Fuerza Armada Nacional Bolivariana, organismos policiales y al poder popular que tienen la tarea de \u201casegurar que la patria que le entreguemos a nuestros hijos y nietos siga siendo libre, soberana e independiente como lo so\u00f1aron Bol\u00edvar y Sucre en Ayacucho con su grandeza\u201d.<br><strong><em>ET \/ Agencias<\/em><\/strong><\/p>\n\n\n\n<p><\/p>\n","protected":false},"excerpt":{"rendered":"<p>ENTRE TORMENTAS. El vicepresidente sectorial de Pol\u00edtica, Seguridad Ciudadana y Paz, Diosdado Cabello, expres\u00f3 este&#8230;<\/p>\n","protected":false},"author":2,"featured_media":11185,"comment_status":"closed","ping_status":"open","sticky":false,"template":"","format":"standard","meta":{"footnotes":""},"categories":[56,49],"tags":[],"class_list":["post-11184","post","type-post","status-publish","format-standard","has-post-thumbnail","hentry","category-destacadas","category-nacionales"],"_links":{"self":[{"href":"https:\/\/entretormentas.com\/index.php?rest_route=\/wp\/v2\/posts\/11184","targetHints":{"allow":["GET"]}}],"collection":[{"href":"https:\/\/entretormentas.com\/index.php?rest_route=\/wp\/v2\/posts"}],"about":[{"href":"https:\/\/entretormentas.com\/index.php?rest_route=\/wp\/v2\/types\/post"}],"author":[{"embeddable":true,"href":"https:\/\/entretormentas.com\/index.php?rest_route=\/wp\/v2\/users\/2"}],"replies":[{"embeddable":true,"href":"https:\/\/entretormentas.com\/index.php?rest_route=%2Fwp%2Fv2%2Fcomments&post=11184"}],"version-history":[{"count":1,"href":"https:\/\/entretormentas.com\/index.php?rest_route=\/wp\/v2\/posts\/11184\/revisions"}],"predecessor-version":[{"id":11186,"href":"https:\/\/entretormentas.com\/index.php?rest_route=\/wp\/v2\/posts\/11184\/revisions\/11186"}],"wp:featuredmedia":[{"embeddable":true,"href":"https:\/\/entretormentas.com\/index.php?rest_route=\/wp\/v2\/media\/11185"}],"wp:attachment":[{"href":"https:\/\/entretormentas.com\/index.php?rest_route=%2Fwp%2Fv2%2Fmedia&parent=11184"}],"wp:term":[{"taxonomy":"category","embeddable":true,"href":"https:\/\/entretormentas.com\/index.php?rest_route=%2Fwp%2Fv2%2Fcategories&post=11184"},{"taxonomy":"post_tag","embeddable":true,"href":"https:\/\/entretormentas.com\/index.php?rest_route=%2Fwp%2Fv2%2Ftags&post=11184"}],"curies":[{"name":"wp","href":"https:\/\/api.w.org\/{rel}","templated":true}]}}