{"id":11190,"date":"2024-12-10T09:39:56","date_gmt":"2024-12-10T08:39:56","guid":{"rendered":"https:\/\/entretormentas.com\/?p=11190"},"modified":"2024-12-10T09:39:56","modified_gmt":"2024-12-10T08:39:56","slug":"acto-civico-militar-maduro-lidera-acto-del-bicentenario-de-la-batalla-de-ayacucho","status":"publish","type":"post","link":"https:\/\/entretormentas.com\/acto-civico-militar-maduro-lidera-acto-del-bicentenario-de-la-batalla-de-ayacucho\/","title":{"rendered":"\u00a1ACTO C\u00cdVICO MILITAR! Maduro lidera acto del Bicentenario de la Batalla de Ayacucho"},"content":{"rendered":"\n<p><strong>ENTRE TORMENTAS. <\/strong>Desde la Plaza Monumento al Bicentenario de Ayacucho en el Paseo Los Pr\u00f3ceres, el presidente de la Rep\u00fablica Bolivariana de Venezuela, Nicol\u00e1s Maduro Moros, lider\u00f3 el acto en Conmemoraci\u00f3n del Bicentenario de la Batalla de Ayacucho y destac\u00f3 que \u201ces un d\u00eda muy especial para todos los pueblos de nuestra Am\u00e9rica.<\/p>\n\n\n\n<p>Un d\u00eda como este en un solo campo Am\u00e9rica del Sur, las tropas dirigidas por el Gran Mariscal Antonio Jos\u00e9 de Sucre, de manera magistral derrotaron lo que para entonces era el Ej\u00e9rcito m\u00e1s poderoso del planeta tierra, el Ej\u00e9rcito espa\u00f1ol y con ese gran triunfo sellaron para siempre la victoria de la liberaci\u00f3n de nuestro continente de tres siglos de despiadado y criminal colonialismo\u201d.<\/p>\n\n\n\n<p>Enfatiz\u00f3 que hace 200 a\u00f1os se sell\u00f3 el destino de la Am\u00e9rica, \u201cese destino nos marca por ahora y para siempre, somos el pueblo de los vencedores de Ayacucho, somos los vencedores de todos los tiempos, de todos los siglos, eso nos compromete en la poderosa fusi\u00f3n popular-militar-policial que engloba las cinco generaciones del Bloque Hist\u00f3rico de la Venezuela libre e independiente del silgo XXI, las mismas batallas con la misma intensidad que dieron nuestros libertadores, hoy las damos para hacer de Venezuela una patria ejemplo en su dignidad, un pueblo educado y culto que construya su m\u00e1xima felicidad social\u201d.<\/p>\n\n\n\n<p>El jefe de Estado, expres\u00f3 \u201cseremos como Ayacucho, seremos como Sucre, esta patria seguir\u00e1 su rumbo de patria libre, independiente, pacifica, soberana y de pueblo unido\u201d.<br><strong><em>ET \/ Agencias<\/em><\/strong><\/p>\n","protected":false},"excerpt":{"rendered":"<p>ENTRE TORMENTAS. Desde la Plaza Monumento al Bicentenario de Ayacucho en el Paseo Los Pr\u00f3ceres,&#8230;<\/p>\n","protected":false},"author":2,"featured_media":11191,"comment_status":"closed","ping_status":"open","sticky":false,"template":"","format":"standard","meta":{"footnotes":""},"categories":[56,49],"tags":[],"class_list":["post-11190","post","type-post","status-publish","format-standard","has-post-thumbnail","hentry","category-destacadas","category-nacionales"],"_links":{"self":[{"href":"https:\/\/entretormentas.com\/index.php?rest_route=\/wp\/v2\/posts\/11190","targetHints":{"allow":["GET"]}}],"collection":[{"href":"https:\/\/entretormentas.com\/index.php?rest_route=\/wp\/v2\/posts"}],"about":[{"href":"https:\/\/entretormentas.com\/index.php?rest_route=\/wp\/v2\/types\/post"}],"author":[{"embeddable":true,"href":"https:\/\/entretormentas.com\/index.php?rest_route=\/wp\/v2\/users\/2"}],"replies":[{"embeddable":true,"href":"https:\/\/entretormentas.com\/index.php?rest_route=%2Fwp%2Fv2%2Fcomments&post=11190"}],"version-history":[{"count":1,"href":"https:\/\/entretormentas.com\/index.php?rest_route=\/wp\/v2\/posts\/11190\/revisions"}],"predecessor-version":[{"id":11192,"href":"https:\/\/entretormentas.com\/index.php?rest_route=\/wp\/v2\/posts\/11190\/revisions\/11192"}],"wp:featuredmedia":[{"embeddable":true,"href":"https:\/\/entretormentas.com\/index.php?rest_route=\/wp\/v2\/media\/11191"}],"wp:attachment":[{"href":"https:\/\/entretormentas.com\/index.php?rest_route=%2Fwp%2Fv2%2Fmedia&parent=11190"}],"wp:term":[{"taxonomy":"category","embeddable":true,"href":"https:\/\/entretormentas.com\/index.php?rest_route=%2Fwp%2Fv2%2Fcategories&post=11190"},{"taxonomy":"post_tag","embeddable":true,"href":"https:\/\/entretormentas.com\/index.php?rest_route=%2Fwp%2Fv2%2Ftags&post=11190"}],"curies":[{"name":"wp","href":"https:\/\/api.w.org\/{rel}","templated":true}]}}