{"id":11199,"date":"2024-12-10T20:57:18","date_gmt":"2024-12-10T19:57:18","guid":{"rendered":"https:\/\/entretormentas.com\/?p=11199"},"modified":"2024-12-10T20:57:19","modified_gmt":"2024-12-10T19:57:19","slug":"velada-musical-desde-el-viernes-al-domingo-gaiteros-de-corazon-en-navidad-se-traslada-a-boulevard-de-santa-lucia","status":"publish","type":"post","link":"https:\/\/entretormentas.com\/velada-musical-desde-el-viernes-al-domingo-gaiteros-de-corazon-en-navidad-se-traslada-a-boulevard-de-santa-lucia\/","title":{"rendered":"\u00a1VELADA MUSICAL DESDE EL VIERNES AL DOMINGO! \u201cGaiteros de Coraz\u00f3n en Navidad\u201d se traslada a Boulevard de Santa Luc\u00eda"},"content":{"rendered":"\n<p><strong>ENTRE TORMENTAS. <\/strong>En honor a la Virgen de Santa Luc\u00eda, los conciertos gaiteros organizados por la Fundaci\u00f3n Nacional de la Gaita llegan esta semana al Boulevard de Santa Luc\u00eda, un espacio lleno de historia y devoci\u00f3n. A partir del viernes 13 de diciembre, d\u00eda de la patrona, comenzar\u00e1 una programaci\u00f3n especial a las 6:00 p.m. reuniendo a destacadas agrupaciones gaiteras para celebrar la Navidad en un ambiente familiar.<\/p>\n\n\n\n<figure class=\"wp-block-image size-large\"><img fetchpriority=\"high\" decoding=\"async\" width=\"819\" height=\"1024\" src=\"https:\/\/entretormentas.com\/wp-content\/uploads\/2024\/12\/image-222-819x1024.png\" alt=\"\" class=\"wp-image-11202\" srcset=\"https:\/\/entretormentas.com\/wp-content\/uploads\/2024\/12\/image-222-819x1024.png 819w, https:\/\/entretormentas.com\/wp-content\/uploads\/2024\/12\/image-222-240x300.png 240w, https:\/\/entretormentas.com\/wp-content\/uploads\/2024\/12\/image-222-768x960.png 768w, https:\/\/entretormentas.com\/wp-content\/uploads\/2024\/12\/image-222.png 1024w\" sizes=\"(max-width: 819px) 100vw, 819px\" \/><\/figure>\n\n\n\n<p><strong>LA CARTELERA INCLUYE:<\/strong><br><strong>\u2022 Viernes 13:<\/strong> Alitas\u00eda Kids, Gaiteros de Ziruma, Gaiteros de Coraz\u00f3n y Maragaita.<br><strong>\u2022 S\u00e1bado 14: <\/strong>Gaiteritos de Luc\u00eda, Tropicales del \u00c9xito, Alitas\u00eda y Rinc\u00f3n Morales.<br><strong>\u2022 Domingo 15: <\/strong>Semillas de Luz, Garra Gaitera, Gaiteros del Poz\u00f3n y Barrio Obrero.<\/p>\n\n\n\n<p>Ser\u00e1 un fin de semana especial para compartir en familia la devoci\u00f3n ferviente por la Virgen de Santa Luc\u00eda y la alegr\u00eda de la \u00e9poca navide\u00f1a en comunidad.<\/p>\n\n\n\n<p>Gracias al respaldo del Gobierno Nacional, a trav\u00e9s de la Fundaci\u00f3n Nacional de la Gaita, \u201cGaiteros de Coraz\u00f3n en Navidad\u201d se consolida como una plataforma que fomenta la uni\u00f3n, cultura y la celebraci\u00f3n de nuestras ra\u00edces en esta \u00e9poca especial.<\/p>\n\n\n\n<figure class=\"wp-block-image size-full\"><img decoding=\"async\" width=\"720\" height=\"540\" src=\"https:\/\/entretormentas.com\/wp-content\/uploads\/2024\/12\/image-220.png\" alt=\"\" class=\"wp-image-11200\" srcset=\"https:\/\/entretormentas.com\/wp-content\/uploads\/2024\/12\/image-220.png 720w, https:\/\/entretormentas.com\/wp-content\/uploads\/2024\/12\/image-220-300x225.png 300w\" sizes=\"(max-width: 720px) 100vw, 720px\" \/><\/figure>\n\n\n\n<p>Por medio de esta actividad el Gobierno Nacional busca destacar el esfuerzo y dedicaci\u00f3n de las agrupaciones gaiteras que han trabajado arduamente a lo largo del a\u00f1o, ofreciendo su talento para llenar de m\u00fasica y tradici\u00f3n a las familias zulianas de manera gratuita.<\/p>\n\n\n\n<p>En paralelo, se recuerda el \u00e9xito de los conciertos realizados el pasado fin de semana en el Parque Monumental Ana Mar\u00eda Campos. Esta primera edici\u00f3n reuni\u00f3 a miles de personas que vibraron con el talento de agrupaciones como Pascueritos, El Tren Gaitero, Pillopo, Saladillo 70, Las Sensacionales y muchas m\u00e1s. El evento destac\u00f3 por su ambiente festivo y la excelente recepci\u00f3n del p\u00fablico zuliano.<br>\u00a1No te pierdas esta nueva oportunidad para celebrar nuestra m\u00fasica tradicional y la magia de la Navidad en Santa Luc\u00eda.<br><strong><em>ET \/ Nota de Prensa<\/em><\/strong><\/p>\n","protected":false},"excerpt":{"rendered":"<p>ENTRE TORMENTAS. En honor a la Virgen de Santa Luc\u00eda, los conciertos gaiteros organizados por&#8230;<\/p>\n","protected":false},"author":2,"featured_media":11201,"comment_status":"closed","ping_status":"open","sticky":false,"template":"","format":"standard","meta":{"footnotes":""},"categories":[56,1],"tags":[],"class_list":["post-11199","post","type-post","status-publish","format-standard","has-post-thumbnail","hentry","category-destacadas","category-regionales"],"_links":{"self":[{"href":"https:\/\/entretormentas.com\/index.php?rest_route=\/wp\/v2\/posts\/11199","targetHints":{"allow":["GET"]}}],"collection":[{"href":"https:\/\/entretormentas.com\/index.php?rest_route=\/wp\/v2\/posts"}],"about":[{"href":"https:\/\/entretormentas.com\/index.php?rest_route=\/wp\/v2\/types\/post"}],"author":[{"embeddable":true,"href":"https:\/\/entretormentas.com\/index.php?rest_route=\/wp\/v2\/users\/2"}],"replies":[{"embeddable":true,"href":"https:\/\/entretormentas.com\/index.php?rest_route=%2Fwp%2Fv2%2Fcomments&post=11199"}],"version-history":[{"count":1,"href":"https:\/\/entretormentas.com\/index.php?rest_route=\/wp\/v2\/posts\/11199\/revisions"}],"predecessor-version":[{"id":11203,"href":"https:\/\/entretormentas.com\/index.php?rest_route=\/wp\/v2\/posts\/11199\/revisions\/11203"}],"wp:featuredmedia":[{"embeddable":true,"href":"https:\/\/entretormentas.com\/index.php?rest_route=\/wp\/v2\/media\/11201"}],"wp:attachment":[{"href":"https:\/\/entretormentas.com\/index.php?rest_route=%2Fwp%2Fv2%2Fmedia&parent=11199"}],"wp:term":[{"taxonomy":"category","embeddable":true,"href":"https:\/\/entretormentas.com\/index.php?rest_route=%2Fwp%2Fv2%2Fcategories&post=11199"},{"taxonomy":"post_tag","embeddable":true,"href":"https:\/\/entretormentas.com\/index.php?rest_route=%2Fwp%2Fv2%2Ftags&post=11199"}],"curies":[{"name":"wp","href":"https:\/\/api.w.org\/{rel}","templated":true}]}}